{"id":18809,"date":"2020-10-28T09:53:50","date_gmt":"2020-10-28T09:53:50","guid":{"rendered":"https:\/\/blogdorogeriogomes.com.br\/?p=18809"},"modified":"2020-10-28T13:59:26","modified_gmt":"2020-10-28T13:59:26","slug":"segunda-onda-da-covid-19-se-consolida-na-europa-e-deixa-autoridades-sanitarias-brasileiras-em-alerta-maximo","status":"publish","type":"post","link":"https:\/\/blogdorogeriogomes.com.br\/noticias\/2020\/10\/segunda-onda-da-covid-19-se-consolida-na-europa-e-deixa-autoridades-sanitarias-brasileiras-em-alerta-maximo\/","title":{"rendered":"Segunda onda da Covid-19 se consolida na Europa e deixa autoridades sanit\u00e1rias brasileiras em alerta m\u00e1ximo"},"content":{"rendered":"\n<p>A Organiza\u00e7\u00e3o Mundial da Sa\u00fade (OMS) j\u00e1 considera consolidada a manifesta\u00e7\u00e3o de uma segunda onda de casos da Covid-19 em pa\u00edses da Europa. Dos 445 mil casos confirmados em 24 horas pela ag\u00eancia na \u00faltima segunda-feira, dia 26 de outubro, metade estava na Europa. Cidades como Genebra, Mil\u00e3o, Paris registraram aumento consider\u00e1vel no n\u00famero de novos casos, com um total de testes positivos em apenas sete dias j\u00e1 superando a marca do pico da doen\u00e7a em mar\u00e7o e abril. S\u00f3 a Su\u00ed\u00e7a registrou seis mil novos infectados.<\/p>\n\n\n\n<p>O salto expressivo de casos na Europa deixa as autoridades sanit\u00e1rias brasileiras em alerta m\u00e1ximo. O Brasil registrou, nesta ter\u00e7a-feira, dia 27, 530 novas mortes causadas pela covid-19 confirmadas nas \u00faltimas 24 horas. A Regi\u00e3o Norte apresenta acelera\u00e7\u00e3o de casos. O Pa\u00eds j\u00e1 tem 157.981 \u00f3bitos pelo novo coronav\u00edrus com 5.440.903 infectados.<\/p>\n\n\n\n<p>Em Fortaleza, &nbsp;a Secret\u00e1ria de Sa\u00fade do Cear\u00e1 confirmou que atualmente h\u00e1 68 leitos exclusivos para atendimento \u00e0 Covid-19 no Hospital Leonardo Da Vince, sendo 38 de enfermaria e 30 de Unidade de Terapia Intensiva (UTI). A unidade tem capacidade para ativar at\u00e9 195 leitos, dependendo da demanda.&nbsp;O Hospital da Unimed recebeu s\u00f3 nesta segunda-feira, dia 26, um total de 181 casos suspeitos de coronav\u00edrus&nbsp;na \u00e1rea ambulatorial da unidade.<\/p>\n\n\n\n<figure class=\"wp-block-image size-large\"><img loading=\"lazy\" decoding=\"async\" width=\"700\" height=\"394\" src=\"https:\/\/blogdorogeriogomes.com.br\/wp-content\/uploads\/2020\/10\/images-14-1.jpeg\" alt=\"\" class=\"wp-image-18810\" srcset=\"https:\/\/blogdorogeriogomes.com.br\/noticias\/wp-content\/uploads\/2020\/10\/images-14-1.jpeg 700w, https:\/\/blogdorogeriogomes.com.br\/noticias\/wp-content\/uploads\/2020\/10\/images-14-1-300x169.jpeg 300w\" sizes=\"auto, (max-width: 700px) 100vw, 700px\" \/><\/figure>\n","protected":false},"excerpt":{"rendered":"<p>A Organiza\u00e7\u00e3o Mundial da Sa\u00fade (OMS) j\u00e1 considera consolidada a manifesta\u00e7\u00e3o de uma segunda onda de casos da Covid-19 em pa\u00edses da Europa. Dos 445 mil casos confirmados em 24 horas pela ag\u00eancia na \u00faltima segunda-feira, dia 26 de outubro, metade estava na Europa. Cidades como Genebra, Mil\u00e3o, Paris registraram aumento consider\u00e1vel no n\u00famero de novos casos, com um total de testes positivos em apenas sete dias j\u00e1 superando a marca do pico da doen\u00e7a em mar\u00e7o e abril.&hellip;<\/p>\n","protected":false},"author":1,"featured_media":18810,"comment_status":"open","ping_status":"open","sticky":false,"template":"","format":"standard","meta":{"footnotes":""},"categories":[1],"tags":[],"class_list":["post-18809","post","type-post","status-publish","format-standard","has-post-thumbnail","hentry","category-noticias"],"_links":{"self":[{"href":"https:\/\/blogdorogeriogomes.com.br\/noticias\/wp-json\/wp\/v2\/posts\/18809","targetHints":{"allow":["GET"]}}],"collection":[{"href":"https:\/\/blogdorogeriogomes.com.br\/noticias\/wp-json\/wp\/v2\/posts"}],"about":[{"href":"https:\/\/blogdorogeriogomes.com.br\/noticias\/wp-json\/wp\/v2\/types\/post"}],"author":[{"embeddable":true,"href":"https:\/\/blogdorogeriogomes.com.br\/noticias\/wp-json\/wp\/v2\/users\/1"}],"replies":[{"embeddable":true,"href":"https:\/\/blogdorogeriogomes.com.br\/noticias\/wp-json\/wp\/v2\/comments?post=18809"}],"version-history":[{"count":2,"href":"https:\/\/blogdorogeriogomes.com.br\/noticias\/wp-json\/wp\/v2\/posts\/18809\/revisions"}],"predecessor-version":[{"id":18817,"href":"https:\/\/blogdorogeriogomes.com.br\/noticias\/wp-json\/wp\/v2\/posts\/18809\/revisions\/18817"}],"wp:featuredmedia":[{"embeddable":true,"href":"https:\/\/blogdorogeriogomes.com.br\/noticias\/wp-json\/wp\/v2\/media\/18810"}],"wp:attachment":[{"href":"https:\/\/blogdorogeriogomes.com.br\/noticias\/wp-json\/wp\/v2\/media?parent=18809"}],"wp:term":[{"taxonomy":"category","embeddable":true,"href":"https:\/\/blogdorogeriogomes.com.br\/noticias\/wp-json\/wp\/v2\/categories?post=18809"},{"taxonomy":"post_tag","embeddable":true,"href":"https:\/\/blogdorogeriogomes.com.br\/noticias\/wp-json\/wp\/v2\/tags?post=18809"}],"curies":[{"name":"wp","href":"https:\/\/api.w.org\/{rel}","templated":true}]}}