{"id":18812,"date":"2020-10-28T10:24:43","date_gmt":"2020-10-28T10:24:43","guid":{"rendered":"https:\/\/blogdorogeriogomes.com.br\/?p=18812"},"modified":"2020-10-28T13:59:08","modified_gmt":"2020-10-28T13:59:08","slug":"barragem-de-jati-volta-a-operar-e-aguas-do-rio-sao-francisco-ja-estao-fluindo-novamente-em-solo-cearense","status":"publish","type":"post","link":"https:\/\/blogdorogeriogomes.com.br\/noticias\/2020\/10\/barragem-de-jati-volta-a-operar-e-aguas-do-rio-sao-francisco-ja-estao-fluindo-novamente-em-solo-cearense\/","title":{"rendered":"Barragem de Jati volta a operar e \u00e1guas do rio S\u00e3o Francisco j\u00e1 est\u00e3o fluindo novamente em solo cearense"},"content":{"rendered":"\n<p>A barragem de Jati, na regi\u00e3o do Cariri, voltou a operar e as \u00e1guas do rio S\u00e3o Francisco voltaram a fluir em solo cearense, nesta ter\u00e7a-feira, dia 27 de outubro. A operacionalidade da transposi\u00e7\u00e3o no Eixo Norte foi suspensa em agosto passado ap\u00f3s o rompimento de um duto na barragem de Jato. Os servi\u00e7os de recupera\u00e7\u00e3o foram executados pelo Minist\u00e9rio do Desenvolvimento Regional. <\/p>\n\n\n\n<p>O acionamento da Esta\u00e7\u00e3o de Bombeamento, em Salgueiro (PE), permite o retorno da pr\u00e9-opera\u00e7\u00e3o do Eixo Norte, que no total possui 260 quil\u00f4metros de extens\u00e3o.&nbsp;Assim, a \u00e1gua volta a ser conduzida para o a\u00e7ude Atalho, em Brejo Santo. O Projeto de Integra\u00e7\u00e3o do Rio S\u00e3o Francisco permite a passagem da \u00e1gua para munic\u00edpios do Cear\u00e1, Para\u00edba e Rio Grande do Norte.<\/p>\n\n\n\n<figure class=\"wp-block-image size-large\"><img loading=\"lazy\" decoding=\"async\" width=\"678\" height=\"452\" src=\"https:\/\/blogdorogeriogomes.com.br\/wp-content\/uploads\/2020\/10\/images-15-1.jpeg\" alt=\"\" class=\"wp-image-18813\" srcset=\"https:\/\/blogdorogeriogomes.com.br\/noticias\/wp-content\/uploads\/2020\/10\/images-15-1.jpeg 678w, https:\/\/blogdorogeriogomes.com.br\/noticias\/wp-content\/uploads\/2020\/10\/images-15-1-300x200.jpeg 300w\" sizes=\"auto, (max-width: 678px) 100vw, 678px\" \/><\/figure>\n","protected":false},"excerpt":{"rendered":"<p>A barragem de Jati, na regi\u00e3o do Cariri, voltou a operar e as \u00e1guas do rio S\u00e3o Francisco voltaram a fluir em solo cearense, nesta ter\u00e7a-feira, dia 27 de outubro. A operacionalidade da transposi\u00e7\u00e3o no Eixo Norte foi suspensa em agosto passado ap\u00f3s o rompimento de um duto na barragem de Jato. Os servi\u00e7os de recupera\u00e7\u00e3o foram executados pelo Minist\u00e9rio do Desenvolvimento Regional. O acionamento da Esta\u00e7\u00e3o de Bombeamento, em Salgueiro (PE), permite o retorno da pr\u00e9-opera\u00e7\u00e3o do Eixo&hellip;<\/p>\n","protected":false},"author":1,"featured_media":18813,"comment_status":"open","ping_status":"open","sticky":false,"template":"","format":"standard","meta":{"footnotes":""},"categories":[1],"tags":[],"class_list":["post-18812","post","type-post","status-publish","format-standard","has-post-thumbnail","hentry","category-noticias"],"_links":{"self":[{"href":"https:\/\/blogdorogeriogomes.com.br\/noticias\/wp-json\/wp\/v2\/posts\/18812","targetHints":{"allow":["GET"]}}],"collection":[{"href":"https:\/\/blogdorogeriogomes.com.br\/noticias\/wp-json\/wp\/v2\/posts"}],"about":[{"href":"https:\/\/blogdorogeriogomes.com.br\/noticias\/wp-json\/wp\/v2\/types\/post"}],"author":[{"embeddable":true,"href":"https:\/\/blogdorogeriogomes.com.br\/noticias\/wp-json\/wp\/v2\/users\/1"}],"replies":[{"embeddable":true,"href":"https:\/\/blogdorogeriogomes.com.br\/noticias\/wp-json\/wp\/v2\/comments?post=18812"}],"version-history":[{"count":2,"href":"https:\/\/blogdorogeriogomes.com.br\/noticias\/wp-json\/wp\/v2\/posts\/18812\/revisions"}],"predecessor-version":[{"id":18816,"href":"https:\/\/blogdorogeriogomes.com.br\/noticias\/wp-json\/wp\/v2\/posts\/18812\/revisions\/18816"}],"wp:featuredmedia":[{"embeddable":true,"href":"https:\/\/blogdorogeriogomes.com.br\/noticias\/wp-json\/wp\/v2\/media\/18813"}],"wp:attachment":[{"href":"https:\/\/blogdorogeriogomes.com.br\/noticias\/wp-json\/wp\/v2\/media?parent=18812"}],"wp:term":[{"taxonomy":"category","embeddable":true,"href":"https:\/\/blogdorogeriogomes.com.br\/noticias\/wp-json\/wp\/v2\/categories?post=18812"},{"taxonomy":"post_tag","embeddable":true,"href":"https:\/\/blogdorogeriogomes.com.br\/noticias\/wp-json\/wp\/v2\/tags?post=18812"}],"curies":[{"name":"wp","href":"https:\/\/api.w.org\/{rel}","templated":true}]}}