{"id":18821,"date":"2020-10-28T18:24:10","date_gmt":"2020-10-28T18:24:10","guid":{"rendered":"https:\/\/blogdorogeriogomes.com.br\/?p=18821"},"modified":"2020-10-29T16:56:41","modified_gmt":"2020-10-29T16:56:41","slug":"ministerio-publico-pede-que-candidatos-responsaveis-por-aglomeracoes-de-campanha-sejam-cassados","status":"publish","type":"post","link":"https:\/\/blogdorogeriogomes.com.br\/noticias\/2020\/10\/ministerio-publico-pede-que-candidatos-responsaveis-por-aglomeracoes-de-campanha-sejam-cassados\/","title":{"rendered":"Minist\u00e9rio P\u00fablico pede que candidatos respons\u00e1veis por aglomera\u00e7\u00f5es de campanha sejam cassados"},"content":{"rendered":"\n<p>O Minist\u00e9rio P\u00fablico do Estado do Cear\u00e1 (MP-CE) recomendou aos promotores eleitorais, nesta quarta-feira, dia 28 de outubro, a cassa\u00e7\u00e3o do registro de candidatura para cargo de prefeito e vereador que promovam aglomera\u00e7\u00f5es em suas agendas de campanha, sob a alega\u00e7\u00e3o de abuso de poder.<\/p>\n\n\n\n<p>Ao longo das \u00faltimas semanas de elei\u00e7\u00f5es nos munic\u00edpios cearenses, muitas den\u00fancias de desrespeito \u00e0s normas sanit\u00e1rias decorrente do cen\u00e1rio de pandemia da Covid-19 foram feitas. O MPCE tem ingressado com a\u00e7\u00f5es de indeniza\u00e7\u00e3o por danos morais coletivos contra os casos.<\/p>\n\n\n\n<p>Segundo o Centro de Apoio Operacional Eleitoral do MPCE, o abuso de poder econ\u00f4mico e pol\u00edtico nas aglomera\u00e7\u00f5es est\u00e1 no fato de candidatos utilizarem a mobiliza\u00e7\u00e3o p\u00fablica presencial para desequilibrar a disputa em detrimento daqueles que respeitam as regras estabelecidas por decreto.<\/p>\n\n\n\n<p>No in\u00edcio deste m\u00eas, o Tribunal Regional Eleitoral do Cear\u00e1 (TRE-CE) j\u00e1 havia alertado para o contexto dif\u00edcil das elei\u00e7\u00f5es, com mais de 20 cidades do Estado com casos graves de aglomera\u00e7\u00e3o em caminhadas, carreatas e com\u00edcios de candidatos ao Executivo e ao Legislativo. Para tentar impedir novos casos, a Justi\u00e7a Eleitoral firmou acordo com representantes de partidos pol\u00edticos para terem compromisso com a Sa\u00fade P\u00fablica.<\/p>\n\n\n\n<figure class=\"wp-block-image size-large\"><img loading=\"lazy\" decoding=\"async\" width=\"1024\" height=\"576\" src=\"https:\/\/blogdorogeriogomes.com.br\/wp-content\/uploads\/2020\/10\/Aglomerac-es-1024x576.jpeg\" alt=\"\" class=\"wp-image-18822\" srcset=\"https:\/\/blogdorogeriogomes.com.br\/noticias\/wp-content\/uploads\/2020\/10\/Aglomerac-es-1024x576.jpeg 1024w, https:\/\/blogdorogeriogomes.com.br\/noticias\/wp-content\/uploads\/2020\/10\/Aglomerac-es-300x169.jpeg 300w, https:\/\/blogdorogeriogomes.com.br\/noticias\/wp-content\/uploads\/2020\/10\/Aglomerac-es-768x432.jpeg 768w, https:\/\/blogdorogeriogomes.com.br\/noticias\/wp-content\/uploads\/2020\/10\/Aglomerac-es-800x450.jpeg 800w, https:\/\/blogdorogeriogomes.com.br\/noticias\/wp-content\/uploads\/2020\/10\/Aglomerac-es.jpeg 1280w\" sizes=\"auto, (max-width: 1024px) 100vw, 1024px\" \/><\/figure>\n","protected":false},"excerpt":{"rendered":"<p>O Minist\u00e9rio P\u00fablico do Estado do Cear\u00e1 (MP-CE) recomendou aos promotores eleitorais, nesta quarta-feira, dia 28 de outubro, a cassa\u00e7\u00e3o do registro de candidatura para cargo de prefeito e vereador que promovam aglomera\u00e7\u00f5es em suas agendas de campanha, sob a alega\u00e7\u00e3o de abuso de poder. Ao longo das \u00faltimas semanas de elei\u00e7\u00f5es nos munic\u00edpios cearenses, muitas den\u00fancias de desrespeito \u00e0s normas sanit\u00e1rias decorrente do cen\u00e1rio de pandemia da Covid-19 foram feitas. O MPCE tem ingressado com a\u00e7\u00f5es de indeniza\u00e7\u00e3o&hellip;<\/p>\n","protected":false},"author":1,"featured_media":18822,"comment_status":"open","ping_status":"open","sticky":false,"template":"","format":"standard","meta":{"footnotes":""},"categories":[1],"tags":[],"class_list":["post-18821","post","type-post","status-publish","format-standard","has-post-thumbnail","hentry","category-noticias"],"_links":{"self":[{"href":"https:\/\/blogdorogeriogomes.com.br\/noticias\/wp-json\/wp\/v2\/posts\/18821","targetHints":{"allow":["GET"]}}],"collection":[{"href":"https:\/\/blogdorogeriogomes.com.br\/noticias\/wp-json\/wp\/v2\/posts"}],"about":[{"href":"https:\/\/blogdorogeriogomes.com.br\/noticias\/wp-json\/wp\/v2\/types\/post"}],"author":[{"embeddable":true,"href":"https:\/\/blogdorogeriogomes.com.br\/noticias\/wp-json\/wp\/v2\/users\/1"}],"replies":[{"embeddable":true,"href":"https:\/\/blogdorogeriogomes.com.br\/noticias\/wp-json\/wp\/v2\/comments?post=18821"}],"version-history":[{"count":1,"href":"https:\/\/blogdorogeriogomes.com.br\/noticias\/wp-json\/wp\/v2\/posts\/18821\/revisions"}],"predecessor-version":[{"id":18823,"href":"https:\/\/blogdorogeriogomes.com.br\/noticias\/wp-json\/wp\/v2\/posts\/18821\/revisions\/18823"}],"wp:featuredmedia":[{"embeddable":true,"href":"https:\/\/blogdorogeriogomes.com.br\/noticias\/wp-json\/wp\/v2\/media\/18822"}],"wp:attachment":[{"href":"https:\/\/blogdorogeriogomes.com.br\/noticias\/wp-json\/wp\/v2\/media?parent=18821"}],"wp:term":[{"taxonomy":"category","embeddable":true,"href":"https:\/\/blogdorogeriogomes.com.br\/noticias\/wp-json\/wp\/v2\/categories?post=18821"},{"taxonomy":"post_tag","embeddable":true,"href":"https:\/\/blogdorogeriogomes.com.br\/noticias\/wp-json\/wp\/v2\/tags?post=18821"}],"curies":[{"name":"wp","href":"https:\/\/api.w.org\/{rel}","templated":true}]}}