{"id":18824,"date":"2020-10-28T19:16:13","date_gmt":"2020-10-28T19:16:13","guid":{"rendered":"https:\/\/blogdorogeriogomes.com.br\/?p=18824"},"modified":"2020-10-29T16:56:30","modified_gmt":"2020-10-29T16:56:30","slug":"em-entrega-de-areninha-na-barra-do-ceara-camilo-e-roberto-claudio-sobem-o-tom-contra-capitao-wagner","status":"publish","type":"post","link":"https:\/\/blogdorogeriogomes.com.br\/noticias\/2020\/10\/em-entrega-de-areninha-na-barra-do-ceara-camilo-e-roberto-claudio-sobem-o-tom-contra-capitao-wagner\/","title":{"rendered":"Em entrega de areninha na Barra do Cear\u00e1, Camilo e Roberto Cl\u00e1udio sobem o tom contra Capit\u00e3o Wagner"},"content":{"rendered":"\n<p>O Governo do Cear\u00e1 entregou, na manh\u00e3 desta quarta-feira, dia 28 de outubro, a nova areninha do bairro Barra do Cear\u00e1. Com o novo equipamento esportivo, o Estado chega a 170 areninhas entregues para munic\u00edpios cearenses, sendo 108 no Interior e 62 na Capital. As obras em solo fortalezense s\u00e3o feitas em parceria com a Prefeitura, por meio do programa Juntos por Fortaleza.<\/p>\n\n\n\n<p>A areninha da Barra do Cear\u00e1 substitui um antigo campo escuro de areia, levando \u00e0s crian\u00e7as, jovens e adultos da regi\u00e3o novo espa\u00e7o com grama sint\u00e9tica, arquibancada, mureta e alambrado, al\u00e9m de piso podo-t\u00e1til, nova ilumina\u00e7\u00e3o e lixeiras. No local tamb\u00e9m funcionar\u00e1 uma escolinha de futebol para jovens da comunidade local.<\/p>\n\n\n\n<p>Presentes no evento de inaugura\u00e7\u00e3o, o governador Camilo Santana (PT) e o prefeito Roberto Cl\u00e1udio (PDT) aproveitaram o momento de entrevistas para continuar as cr\u00edticas ao candidato \u00e0 prefeito de Fortaleza, Capit\u00e3o Wagner (Pros).<\/p>\n\n\n\n<p>\u201cN\u00e3o h\u00e1 como negar a participa\u00e7\u00e3o do Wagner nos dois motins que aconteceram no Cear\u00e1 e que apavorou a popula\u00e7\u00e3o. Isso t\u00e1 constatado nos v\u00eddeos. A\u00ed come\u00e7a a cair a m\u00e1scara do Capit\u00e3o\u201d, disse Camilo. Para Roberto Cl\u00e1udio, &#8220;Capit\u00e3o Wagner \u00e9 uma grande fraude e est\u00e1 se desconstruindo&#8221;.<\/p>\n\n\n\n<p>Na \u00faltima ter\u00e7a-feira, dia 27, Wagner j\u00e1 havia respondido \u00e0s acusa\u00e7\u00f5es feitas por Camilo Santana. \u201cOu ele (Camilo) prevaricou ou est\u00e1 mentindo agora a mando do Ciro Gomes, e todo mundo sabe disso\u201d, provocou o prefeitur\u00e1vel. O candidato do Pros lidera nas pesquisas as inten\u00e7\u00f5es de voto em Fortaleza, e j\u00e1 chegou a conseguir determina\u00e7\u00e3o judicial para suspens\u00e3o de propaganda de Jos\u00e9 Sarto (PDT) que utiliza falas de Camilo sobre o motim da PM.<\/p>\n\n\n\n<figure class=\"wp-block-image size-large\"><img loading=\"lazy\" decoding=\"async\" width=\"1024\" height=\"683\" src=\"https:\/\/blogdorogeriogomes.com.br\/wp-content\/uploads\/2020\/10\/201028_ARENINHA-DA-BARRA_CGM8027-1024x683.jpg\" alt=\"\" class=\"wp-image-18825\" srcset=\"https:\/\/blogdorogeriogomes.com.br\/noticias\/wp-content\/uploads\/2020\/10\/201028_ARENINHA-DA-BARRA_CGM8027-1024x683.jpg 1024w, https:\/\/blogdorogeriogomes.com.br\/noticias\/wp-content\/uploads\/2020\/10\/201028_ARENINHA-DA-BARRA_CGM8027-300x200.jpg 300w, https:\/\/blogdorogeriogomes.com.br\/noticias\/wp-content\/uploads\/2020\/10\/201028_ARENINHA-DA-BARRA_CGM8027-768x512.jpg 768w, https:\/\/blogdorogeriogomes.com.br\/noticias\/wp-content\/uploads\/2020\/10\/201028_ARENINHA-DA-BARRA_CGM8027-800x533.jpg 800w, https:\/\/blogdorogeriogomes.com.br\/noticias\/wp-content\/uploads\/2020\/10\/201028_ARENINHA-DA-BARRA_CGM8027.jpg 1182w\" sizes=\"auto, (max-width: 1024px) 100vw, 1024px\" \/><\/figure>\n","protected":false},"excerpt":{"rendered":"<p>O Governo do Cear\u00e1 entregou, na manh\u00e3 desta quarta-feira, dia 28 de outubro, a nova areninha do bairro Barra do Cear\u00e1. Com o novo equipamento esportivo, o Estado chega a 170 areninhas entregues para munic\u00edpios cearenses, sendo 108 no Interior e 62 na Capital. As obras em solo fortalezense s\u00e3o feitas em parceria com a Prefeitura, por meio do programa Juntos por Fortaleza. A areninha da Barra do Cear\u00e1 substitui um antigo campo escuro de areia, levando \u00e0s crian\u00e7as,&hellip;<\/p>\n","protected":false},"author":1,"featured_media":18825,"comment_status":"open","ping_status":"open","sticky":false,"template":"","format":"standard","meta":{"footnotes":""},"categories":[1],"tags":[],"class_list":["post-18824","post","type-post","status-publish","format-standard","has-post-thumbnail","hentry","category-noticias"],"_links":{"self":[{"href":"https:\/\/blogdorogeriogomes.com.br\/noticias\/wp-json\/wp\/v2\/posts\/18824","targetHints":{"allow":["GET"]}}],"collection":[{"href":"https:\/\/blogdorogeriogomes.com.br\/noticias\/wp-json\/wp\/v2\/posts"}],"about":[{"href":"https:\/\/blogdorogeriogomes.com.br\/noticias\/wp-json\/wp\/v2\/types\/post"}],"author":[{"embeddable":true,"href":"https:\/\/blogdorogeriogomes.com.br\/noticias\/wp-json\/wp\/v2\/users\/1"}],"replies":[{"embeddable":true,"href":"https:\/\/blogdorogeriogomes.com.br\/noticias\/wp-json\/wp\/v2\/comments?post=18824"}],"version-history":[{"count":1,"href":"https:\/\/blogdorogeriogomes.com.br\/noticias\/wp-json\/wp\/v2\/posts\/18824\/revisions"}],"predecessor-version":[{"id":18826,"href":"https:\/\/blogdorogeriogomes.com.br\/noticias\/wp-json\/wp\/v2\/posts\/18824\/revisions\/18826"}],"wp:featuredmedia":[{"embeddable":true,"href":"https:\/\/blogdorogeriogomes.com.br\/noticias\/wp-json\/wp\/v2\/media\/18825"}],"wp:attachment":[{"href":"https:\/\/blogdorogeriogomes.com.br\/noticias\/wp-json\/wp\/v2\/media?parent=18824"}],"wp:term":[{"taxonomy":"category","embeddable":true,"href":"https:\/\/blogdorogeriogomes.com.br\/noticias\/wp-json\/wp\/v2\/categories?post=18824"},{"taxonomy":"post_tag","embeddable":true,"href":"https:\/\/blogdorogeriogomes.com.br\/noticias\/wp-json\/wp\/v2\/tags?post=18824"}],"curies":[{"name":"wp","href":"https:\/\/api.w.org\/{rel}","templated":true}]}}