{"id":18830,"date":"2020-10-29T09:36:49","date_gmt":"2020-10-29T09:36:49","guid":{"rendered":"https:\/\/blogdorogeriogomes.com.br\/?p=18830"},"modified":"2020-10-29T16:56:06","modified_gmt":"2020-10-29T16:56:06","slug":"ciro-gomes-e-lula-selaram-as-pazes-e-voltaram-a-conversar-sobre-os-rumos-da-oposicao-diz-o-globo","status":"publish","type":"post","link":"https:\/\/blogdorogeriogomes.com.br\/noticias\/2020\/10\/ciro-gomes-e-lula-selaram-as-pazes-e-voltaram-a-conversar-sobre-os-rumos-da-oposicao-diz-o-globo\/","title":{"rendered":"Ciro Gomes e Lula selaram as pazes e voltaram a conversar sobre os rumos da oposi\u00e7\u00e3o, diz O Globo"},"content":{"rendered":"\n<p>Em entrevista esta semana, o ex-presidente Lula (PT) exp\u00f4s nomes de governadores petistas que estariam preparados para buscar uma candidatura \u00e0 Presid\u00eancia da Rep\u00fablica em 2022. Citou os petistas Camilo Santana, do Cear\u00e1, Wellington Dias, do Piau\u00ed, e Rui Costa, da Bahia. Tamb\u00e9m falou de Fl\u00e1vio Dino, do PC do B, que governa o Maranh\u00e3o. A novidade \u00e9 que Lula voltou a incluir o pedetista Ciro Gomes como um dos potenciais nomes, ao lado de Fernando Haddad (PT), o que indica um cessar-fogo entre PDT e PT.<\/p>\n\n\n\n<p>Reportagem do O Globo revela que Lula teria selado as pazes com Ciro Gomes em uma reuni\u00e3o, no come\u00e7o de setembro, na sede do Instituto Lula, em S\u00e3o Paulo. O encontro teria sido intermediado pelo governador Camilo Santana. Ciro falou de suas m\u00e1goas com o PT, enquanto Lula lembrou os ataques do ex-ministro ao partido. Os dois l\u00edderes teriam feito uma an\u00e1lise da situa\u00e7\u00e3o do Pa\u00eds sob o governo de extrema direita de Jair Bolsonaro.&nbsp;<\/p>\n\n\n\n<p>No programa Roda Viva, da TV Cultura, na segunda-feira passada, o publicit\u00e1rio Jo\u00e3o Santana, respons\u00e1vel pelas campanhas  de Lula (2006) e Dilma Rousseff (2010 e 2014), disse que a chapa de esquerda com maior probabilidade de ser eleita \u00e0 presid\u00eancia seria integrada por Ciro Gomes (PDT) com Lula como candidato a vice.<\/p>\n\n\n\n<figure class=\"wp-block-image size-large\"><img loading=\"lazy\" decoding=\"async\" width=\"800\" height=\"384\" src=\"https:\/\/blogdorogeriogomes.com.br\/wp-content\/uploads\/2020\/10\/images-17-1.jpeg\" alt=\"\" class=\"wp-image-18831\" srcset=\"https:\/\/blogdorogeriogomes.com.br\/noticias\/wp-content\/uploads\/2020\/10\/images-17-1.jpeg 800w, https:\/\/blogdorogeriogomes.com.br\/noticias\/wp-content\/uploads\/2020\/10\/images-17-1-300x144.jpeg 300w, https:\/\/blogdorogeriogomes.com.br\/noticias\/wp-content\/uploads\/2020\/10\/images-17-1-768x369.jpeg 768w\" sizes=\"auto, (max-width: 800px) 100vw, 800px\" \/><\/figure>\n","protected":false},"excerpt":{"rendered":"<p>Em entrevista esta semana, o ex-presidente Lula (PT) exp\u00f4s nomes de governadores petistas que estariam preparados para buscar uma candidatura \u00e0 Presid\u00eancia da Rep\u00fablica em 2022. Citou os petistas Camilo Santana, do Cear\u00e1, Wellington Dias, do Piau\u00ed, e Rui Costa, da Bahia. Tamb\u00e9m falou de Fl\u00e1vio Dino, do PC do B, que governa o Maranh\u00e3o. A novidade \u00e9 que Lula voltou a incluir o pedetista Ciro Gomes como um dos potenciais nomes, ao lado de Fernando Haddad (PT), o&hellip;<\/p>\n","protected":false},"author":1,"featured_media":18831,"comment_status":"open","ping_status":"open","sticky":false,"template":"","format":"standard","meta":{"footnotes":""},"categories":[1],"tags":[],"class_list":["post-18830","post","type-post","status-publish","format-standard","has-post-thumbnail","hentry","category-noticias"],"_links":{"self":[{"href":"https:\/\/blogdorogeriogomes.com.br\/noticias\/wp-json\/wp\/v2\/posts\/18830","targetHints":{"allow":["GET"]}}],"collection":[{"href":"https:\/\/blogdorogeriogomes.com.br\/noticias\/wp-json\/wp\/v2\/posts"}],"about":[{"href":"https:\/\/blogdorogeriogomes.com.br\/noticias\/wp-json\/wp\/v2\/types\/post"}],"author":[{"embeddable":true,"href":"https:\/\/blogdorogeriogomes.com.br\/noticias\/wp-json\/wp\/v2\/users\/1"}],"replies":[{"embeddable":true,"href":"https:\/\/blogdorogeriogomes.com.br\/noticias\/wp-json\/wp\/v2\/comments?post=18830"}],"version-history":[{"count":2,"href":"https:\/\/blogdorogeriogomes.com.br\/noticias\/wp-json\/wp\/v2\/posts\/18830\/revisions"}],"predecessor-version":[{"id":18837,"href":"https:\/\/blogdorogeriogomes.com.br\/noticias\/wp-json\/wp\/v2\/posts\/18830\/revisions\/18837"}],"wp:featuredmedia":[{"embeddable":true,"href":"https:\/\/blogdorogeriogomes.com.br\/noticias\/wp-json\/wp\/v2\/media\/18831"}],"wp:attachment":[{"href":"https:\/\/blogdorogeriogomes.com.br\/noticias\/wp-json\/wp\/v2\/media?parent=18830"}],"wp:term":[{"taxonomy":"category","embeddable":true,"href":"https:\/\/blogdorogeriogomes.com.br\/noticias\/wp-json\/wp\/v2\/categories?post=18830"},{"taxonomy":"post_tag","embeddable":true,"href":"https:\/\/blogdorogeriogomes.com.br\/noticias\/wp-json\/wp\/v2\/tags?post=18830"}],"curies":[{"name":"wp","href":"https:\/\/api.w.org\/{rel}","templated":true}]}}