{"id":18838,"date":"2020-10-29T19:44:06","date_gmt":"2020-10-29T19:44:06","guid":{"rendered":"https:\/\/blogdorogeriogomes.com.br\/?p=18838"},"modified":"2020-10-30T12:19:42","modified_gmt":"2020-10-30T12:19:42","slug":"covid-19-utis-do-ceara-tem-a-menor-ocupacao-em-20-dias-aponta-secretaria-da-saude","status":"publish","type":"post","link":"https:\/\/blogdorogeriogomes.com.br\/noticias\/2020\/10\/covid-19-utis-do-ceara-tem-a-menor-ocupacao-em-20-dias-aponta-secretaria-da-saude\/","title":{"rendered":"Covid-19: UTIs do Cear\u00e1 t\u00eam a menor ocupa\u00e7\u00e3o em 20 dias, aponta Secretaria da Sa\u00fade"},"content":{"rendered":"\n<p>Apesar da alta de novos casos, o Cear\u00e1 apresentou a menor taxa de ocupa\u00e7\u00e3o de leitos de Unidade de Terapia Intensiva (UTI) com casos do novo coronav\u00edrus ao longo dos \u00faltimos 20 dias. At\u00e9 esta quinta-feira, dia 29 de outubro, 57,79% das vagas est\u00e3o preenchidas. As unidades p\u00fablicas apresentam maior ocupa\u00e7\u00e3o, com 63,04%, e o percentual das particulares \u00e9 de 46,85%. Antes dessa taxa atualizada, o menor registrado havia sido no dia 8 de outubro, com 56,7%.<\/p>\n\n\n\n<p>O levantamento \u00e9 da plataforma IntegraSus, vinculada \u00e0 Secretaria da Sa\u00fade do Estado do Cear\u00e1 (Sesa). A Regi\u00e3o de Sa\u00fade de Fortaleza, que engloba a Capital e mais 42 cidades, passa por um aumento de 72% dos casos da Covid-19. A situa\u00e7\u00e3o provocou recuo do Governo do Estado no decreto voltado \u00e0 situa\u00e7\u00e3o da pandemia.<\/p>\n\n\n\n<p>Na \u00faltima quarta-feira, a Unimed Fortaleza divulgou o aumento de 30% em intena\u00e7\u00f5es por Covid-19 &#8211; n\u00famero subiu de 54 para 70. Nos leitos de terapia intensiva, o aumento foi de 18 para 21. O local com maior quantidade de pacientes internados no Estado \u00e9 o Hospital Regional do Cariri, com 21 interna\u00e7\u00f5es em cerca de 67,74% dos leitos ativos.<\/p>\n\n\n\n<p>Em Fortaleza, o Hospital Leonardo da Vinci est\u00e1 com 17 pacientes em 30 leitos ativos. No Albert Sabin, as vagas da UTI Infantil est\u00e3o 29,63% ocupadas. As destinadas \u00e0s gestantes est\u00e3o em 20%, neonatal, 55%, e adultos est\u00e3o em 60,55%.<\/p>\n\n\n\n<figure class=\"wp-block-image size-large\"><img loading=\"lazy\" decoding=\"async\" width=\"694\" height=\"442\" src=\"https:\/\/blogdorogeriogomes.com.br\/wp-content\/uploads\/2020\/10\/images-19-1.jpeg\" alt=\"\" class=\"wp-image-18839\" srcset=\"https:\/\/blogdorogeriogomes.com.br\/noticias\/wp-content\/uploads\/2020\/10\/images-19-1.jpeg 694w, https:\/\/blogdorogeriogomes.com.br\/noticias\/wp-content\/uploads\/2020\/10\/images-19-1-300x191.jpeg 300w\" sizes=\"auto, (max-width: 694px) 100vw, 694px\" \/><\/figure>\n","protected":false},"excerpt":{"rendered":"<p>Apesar da alta de novos casos, o Cear\u00e1 apresentou a menor taxa de ocupa\u00e7\u00e3o de leitos de Unidade de Terapia Intensiva (UTI) com casos do novo coronav\u00edrus ao longo dos \u00faltimos 20 dias. At\u00e9 esta quinta-feira, dia 29 de outubro, 57,79% das vagas est\u00e3o preenchidas. As unidades p\u00fablicas apresentam maior ocupa\u00e7\u00e3o, com 63,04%, e o percentual das particulares \u00e9 de 46,85%. Antes dessa taxa atualizada, o menor registrado havia sido no dia 8 de outubro, com 56,7%. O levantamento&hellip;<\/p>\n","protected":false},"author":1,"featured_media":18839,"comment_status":"open","ping_status":"open","sticky":false,"template":"","format":"standard","meta":{"footnotes":""},"categories":[1],"tags":[],"class_list":["post-18838","post","type-post","status-publish","format-standard","has-post-thumbnail","hentry","category-noticias"],"_links":{"self":[{"href":"https:\/\/blogdorogeriogomes.com.br\/noticias\/wp-json\/wp\/v2\/posts\/18838","targetHints":{"allow":["GET"]}}],"collection":[{"href":"https:\/\/blogdorogeriogomes.com.br\/noticias\/wp-json\/wp\/v2\/posts"}],"about":[{"href":"https:\/\/blogdorogeriogomes.com.br\/noticias\/wp-json\/wp\/v2\/types\/post"}],"author":[{"embeddable":true,"href":"https:\/\/blogdorogeriogomes.com.br\/noticias\/wp-json\/wp\/v2\/users\/1"}],"replies":[{"embeddable":true,"href":"https:\/\/blogdorogeriogomes.com.br\/noticias\/wp-json\/wp\/v2\/comments?post=18838"}],"version-history":[{"count":1,"href":"https:\/\/blogdorogeriogomes.com.br\/noticias\/wp-json\/wp\/v2\/posts\/18838\/revisions"}],"predecessor-version":[{"id":18840,"href":"https:\/\/blogdorogeriogomes.com.br\/noticias\/wp-json\/wp\/v2\/posts\/18838\/revisions\/18840"}],"wp:featuredmedia":[{"embeddable":true,"href":"https:\/\/blogdorogeriogomes.com.br\/noticias\/wp-json\/wp\/v2\/media\/18839"}],"wp:attachment":[{"href":"https:\/\/blogdorogeriogomes.com.br\/noticias\/wp-json\/wp\/v2\/media?parent=18838"}],"wp:term":[{"taxonomy":"category","embeddable":true,"href":"https:\/\/blogdorogeriogomes.com.br\/noticias\/wp-json\/wp\/v2\/categories?post=18838"},{"taxonomy":"post_tag","embeddable":true,"href":"https:\/\/blogdorogeriogomes.com.br\/noticias\/wp-json\/wp\/v2\/tags?post=18838"}],"curies":[{"name":"wp","href":"https:\/\/api.w.org\/{rel}","templated":true}]}}