{"id":18852,"date":"2020-10-30T20:20:33","date_gmt":"2020-10-30T20:20:33","guid":{"rendered":"https:\/\/blogdorogeriogomes.com.br\/?p=18852"},"modified":"2020-10-30T20:20:38","modified_gmt":"2020-10-30T20:20:38","slug":"assembleia-legislativa-do-ceara-entra-em-recesso-branco-ate-o-1-turno-das-eleicoes-2020","status":"publish","type":"post","link":"https:\/\/blogdorogeriogomes.com.br\/noticias\/2020\/10\/assembleia-legislativa-do-ceara-entra-em-recesso-branco-ate-o-1-turno-das-eleicoes-2020\/","title":{"rendered":"Assembleia Legislativa do Cear\u00e1 entra em &#8220;recesso branco&#8221; at\u00e9 o 1\u00b0 turno das Elei\u00e7\u00f5es 2020"},"content":{"rendered":"\n<p>As elei\u00e7\u00f5es municipais acontecem daqui a duas semanas. A Assembleia Legislativa do Cear\u00e1 entrou em &#8220;recesso branco&#8221; at\u00e9 ap\u00f3s o 1\u00b0 turno, previsto para 15 de novembro. Nesta quinta-feira, dia 29 de outubro, foi realizada a \u00faltima sess\u00e3o presencial antes do pleito. V\u00e1rios deputados est\u00e3o envolvidos diretamente com a campanha eleitoral, com alguns sendo candidatos a prefeitos em seus munic\u00edpios de origem ou apoiando candidatos que fazem parte das suas bases eleitorais.<\/p>\n\n\n\n<p>O vice-presidente da Assembleia Legislativa, deputado Fernando Santana (PT), informou, que entre os dias 1\u00ba e 15 de novembro n\u00e3o ser\u00e3o realizadas sess\u00f5es plen\u00e1rias na Casa Legislativa, em decorr\u00eancia das elei\u00e7\u00f5es municipais. No entanto, a Casa mant\u00e9m funcionamento de outros setores, seguindo as normas sanit\u00e1rias devido \u00e0 pandemia da Covid-19.<\/p>\n\n\n\n<figure class=\"wp-block-image size-large\"><img loading=\"lazy\" decoding=\"async\" width=\"900\" height=\"600\" src=\"https:\/\/blogdorogeriogomes.com.br\/wp-content\/uploads\/2020\/10\/0090f9805038d3f11d891bf225f05bf7_XL.jpg\" alt=\"\" class=\"wp-image-18853\" srcset=\"https:\/\/blogdorogeriogomes.com.br\/noticias\/wp-content\/uploads\/2020\/10\/0090f9805038d3f11d891bf225f05bf7_XL.jpg 900w, https:\/\/blogdorogeriogomes.com.br\/noticias\/wp-content\/uploads\/2020\/10\/0090f9805038d3f11d891bf225f05bf7_XL-300x200.jpg 300w, https:\/\/blogdorogeriogomes.com.br\/noticias\/wp-content\/uploads\/2020\/10\/0090f9805038d3f11d891bf225f05bf7_XL-768x512.jpg 768w, https:\/\/blogdorogeriogomes.com.br\/noticias\/wp-content\/uploads\/2020\/10\/0090f9805038d3f11d891bf225f05bf7_XL-800x533.jpg 800w\" sizes=\"auto, (max-width: 900px) 100vw, 900px\" \/><\/figure>\n","protected":false},"excerpt":{"rendered":"<p>As elei\u00e7\u00f5es municipais acontecem daqui a duas semanas. A Assembleia Legislativa do Cear\u00e1 entrou em &#8220;recesso branco&#8221; at\u00e9 ap\u00f3s o 1\u00b0 turno, previsto para 15 de novembro. Nesta quinta-feira, dia 29 de outubro, foi realizada a \u00faltima sess\u00e3o presencial antes do pleito. V\u00e1rios deputados est\u00e3o envolvidos diretamente com a campanha eleitoral, com alguns sendo candidatos a prefeitos em seus munic\u00edpios de origem ou apoiando candidatos que fazem parte das suas bases eleitorais. O vice-presidente da Assembleia Legislativa, deputado Fernando&hellip;<\/p>\n","protected":false},"author":1,"featured_media":0,"comment_status":"open","ping_status":"open","sticky":false,"template":"","format":"standard","meta":{"footnotes":""},"categories":[1],"tags":[],"class_list":["post-18852","post","type-post","status-publish","format-standard","hentry","category-noticias"],"_links":{"self":[{"href":"https:\/\/blogdorogeriogomes.com.br\/noticias\/wp-json\/wp\/v2\/posts\/18852","targetHints":{"allow":["GET"]}}],"collection":[{"href":"https:\/\/blogdorogeriogomes.com.br\/noticias\/wp-json\/wp\/v2\/posts"}],"about":[{"href":"https:\/\/blogdorogeriogomes.com.br\/noticias\/wp-json\/wp\/v2\/types\/post"}],"author":[{"embeddable":true,"href":"https:\/\/blogdorogeriogomes.com.br\/noticias\/wp-json\/wp\/v2\/users\/1"}],"replies":[{"embeddable":true,"href":"https:\/\/blogdorogeriogomes.com.br\/noticias\/wp-json\/wp\/v2\/comments?post=18852"}],"version-history":[{"count":1,"href":"https:\/\/blogdorogeriogomes.com.br\/noticias\/wp-json\/wp\/v2\/posts\/18852\/revisions"}],"predecessor-version":[{"id":18854,"href":"https:\/\/blogdorogeriogomes.com.br\/noticias\/wp-json\/wp\/v2\/posts\/18852\/revisions\/18854"}],"wp:attachment":[{"href":"https:\/\/blogdorogeriogomes.com.br\/noticias\/wp-json\/wp\/v2\/media?parent=18852"}],"wp:term":[{"taxonomy":"category","embeddable":true,"href":"https:\/\/blogdorogeriogomes.com.br\/noticias\/wp-json\/wp\/v2\/categories?post=18852"},{"taxonomy":"post_tag","embeddable":true,"href":"https:\/\/blogdorogeriogomes.com.br\/noticias\/wp-json\/wp\/v2\/tags?post=18852"}],"curies":[{"name":"wp","href":"https:\/\/api.w.org\/{rel}","templated":true}]}}