{"id":18855,"date":"2020-10-30T20:37:19","date_gmt":"2020-10-30T20:37:19","guid":{"rendered":"https:\/\/blogdorogeriogomes.com.br\/?p=18855"},"modified":"2020-11-04T00:06:38","modified_gmt":"2020-11-04T00:06:38","slug":"quase-500-candidatos-foram-indeferidos-por-ausencia-de-requisitos-de-registro-no-ceara","status":"publish","type":"post","link":"https:\/\/blogdorogeriogomes.com.br\/noticias\/2020\/10\/quase-500-candidatos-foram-indeferidos-por-ausencia-de-requisitos-de-registro-no-ceara\/","title":{"rendered":"Quase 500 candidatos foram indeferidos por aus\u00eancia de requisitos de registro no Cear\u00e1"},"content":{"rendered":"\n<p>No Cear\u00e1, a principal causa de indeferimento de candidaturas pela Justi\u00e7a Eleitoral \u00e9 a aus\u00eancia de requisitos de registro. Ao todo, 479 candidatos ficaram de fora das elei\u00e7\u00f5es municipais por este motivo. A quest\u00e3o envolve problemas de documenta\u00e7\u00e3o, certid\u00f5es, quita\u00e7\u00e3o eleitoral ou n\u00e3o cumprimento de prazos legais.<\/p>\n\n\n\n<p>O n\u00famero de indeferidos pela aus\u00eancia de requisitos para elegibilidade representa 78,4% dos casos registrados no Estado. Quanto aos casos de desaprova\u00e7\u00e3o pela lei da Ficha Limpa, foram 81 candidatos em munic\u00edpios cearenses.<\/p>\n\n\n\n<figure class=\"wp-block-image size-large\"><img loading=\"lazy\" decoding=\"async\" width=\"689\" height=\"445\" src=\"https:\/\/blogdorogeriogomes.com.br\/wp-content\/uploads\/2020\/10\/images-24-1.jpeg\" alt=\"\" class=\"wp-image-18856\" srcset=\"https:\/\/blogdorogeriogomes.com.br\/noticias\/wp-content\/uploads\/2020\/10\/images-24-1.jpeg 689w, https:\/\/blogdorogeriogomes.com.br\/noticias\/wp-content\/uploads\/2020\/10\/images-24-1-300x194.jpeg 300w\" sizes=\"auto, (max-width: 689px) 100vw, 689px\" \/><\/figure>\n","protected":false},"excerpt":{"rendered":"<p>No Cear\u00e1, a principal causa de indeferimento de candidaturas pela Justi\u00e7a Eleitoral \u00e9 a aus\u00eancia de requisitos de registro. Ao todo, 479 candidatos ficaram de fora das elei\u00e7\u00f5es municipais por este motivo. A quest\u00e3o envolve problemas de documenta\u00e7\u00e3o, certid\u00f5es, quita\u00e7\u00e3o eleitoral ou n\u00e3o cumprimento de prazos legais. O n\u00famero de indeferidos pela aus\u00eancia de requisitos para elegibilidade representa 78,4% dos casos registrados no Estado. Quanto aos casos de desaprova\u00e7\u00e3o pela lei da Ficha Limpa, foram 81 candidatos em munic\u00edpios&hellip;<\/p>\n","protected":false},"author":1,"featured_media":18856,"comment_status":"open","ping_status":"open","sticky":false,"template":"","format":"standard","meta":{"footnotes":""},"categories":[1],"tags":[],"class_list":["post-18855","post","type-post","status-publish","format-standard","has-post-thumbnail","hentry","category-noticias"],"_links":{"self":[{"href":"https:\/\/blogdorogeriogomes.com.br\/noticias\/wp-json\/wp\/v2\/posts\/18855","targetHints":{"allow":["GET"]}}],"collection":[{"href":"https:\/\/blogdorogeriogomes.com.br\/noticias\/wp-json\/wp\/v2\/posts"}],"about":[{"href":"https:\/\/blogdorogeriogomes.com.br\/noticias\/wp-json\/wp\/v2\/types\/post"}],"author":[{"embeddable":true,"href":"https:\/\/blogdorogeriogomes.com.br\/noticias\/wp-json\/wp\/v2\/users\/1"}],"replies":[{"embeddable":true,"href":"https:\/\/blogdorogeriogomes.com.br\/noticias\/wp-json\/wp\/v2\/comments?post=18855"}],"version-history":[{"count":1,"href":"https:\/\/blogdorogeriogomes.com.br\/noticias\/wp-json\/wp\/v2\/posts\/18855\/revisions"}],"predecessor-version":[{"id":18857,"href":"https:\/\/blogdorogeriogomes.com.br\/noticias\/wp-json\/wp\/v2\/posts\/18855\/revisions\/18857"}],"wp:featuredmedia":[{"embeddable":true,"href":"https:\/\/blogdorogeriogomes.com.br\/noticias\/wp-json\/wp\/v2\/media\/18856"}],"wp:attachment":[{"href":"https:\/\/blogdorogeriogomes.com.br\/noticias\/wp-json\/wp\/v2\/media?parent=18855"}],"wp:term":[{"taxonomy":"category","embeddable":true,"href":"https:\/\/blogdorogeriogomes.com.br\/noticias\/wp-json\/wp\/v2\/categories?post=18855"},{"taxonomy":"post_tag","embeddable":true,"href":"https:\/\/blogdorogeriogomes.com.br\/noticias\/wp-json\/wp\/v2\/tags?post=18855"}],"curies":[{"name":"wp","href":"https:\/\/api.w.org\/{rel}","templated":true}]}}