{"id":18858,"date":"2020-10-31T11:33:25","date_gmt":"2020-10-31T11:33:25","guid":{"rendered":"https:\/\/blogdorogeriogomes.com.br\/?p=18858"},"modified":"2020-11-04T00:06:25","modified_gmt":"2020-11-04T00:06:25","slug":"diante-do-aumento-de-casos-da-covid-19-no-ceara-governo-mantem-decreto-sem-avancos-na-reabertura-economica","status":"publish","type":"post","link":"https:\/\/blogdorogeriogomes.com.br\/noticias\/2020\/10\/diante-do-aumento-de-casos-da-covid-19-no-ceara-governo-mantem-decreto-sem-avancos-na-reabertura-economica\/","title":{"rendered":"Diante do aumento de casos da Covid-19 no Cear\u00e1, Governo mant\u00e9m decreto sem avan\u00e7os na reabertura econ\u00f4mica"},"content":{"rendered":"\n<p>O novo decreto estadual, v\u00e1lido a partir da pr\u00f3xima segunda-feira, dia 2 de novembro, continuar\u00e1 com as recomenda\u00e7\u00f5es que visam restringir o n\u00famero de casos de Covid-19 no Cear\u00e1. O principal deles \u00e9 a proibi\u00e7\u00e3o da realiza\u00e7\u00e3o de eventos festivos em ambientes fechados no Estado. Fortaleza, Aquiraz, Eus\u00e9bio, Itaitinga, Maracana\u00fa, Acarape, Barreira, Guaiuba, Maracana\u00fa, Maranguape, Pacatuba, Palm\u00e1cia e Reden\u00e7\u00e3o registraram um acr\u00e9scimo de 21,6% nos casos da Covid-19 nesta semana. H\u00e1 registro de incremento de casos tamb\u00e9m em outros munic\u00edpios do interior.<\/p>\n\n\n\n<p>O governador Camilo Santana destaca a a\u00e7\u00e3o do Minist\u00e9rio P\u00fablico e da Justi\u00e7a Eleitoral para coibir abusos na campanha eleitoral. \u201cN\u00e3o devemos tolerar abusos, muitos munic\u00edpios j\u00e1 contam com regras bem estabelecidas, que est\u00e3o sendo cumpridas. Mas isso precisa ocorrer em todos, sem exce\u00e7\u00e3o. Nenhuma campanha \u00e9 mais importante que a vida\u201d, disse. Est\u00e1 autorizada a a\u00e7\u00e3o da for\u00e7a policial para restringir as aglomera\u00e7\u00f5es em atos pol\u00edticos.<\/p>\n\n\n\n<figure class=\"wp-block-image size-large\"><img loading=\"lazy\" decoding=\"async\" width=\"1024\" height=\"683\" src=\"https:\/\/blogdorogeriogomes.com.br\/wp-content\/uploads\/2020\/10\/mg_0007-13803763-1024x683.jpg\" alt=\"\" class=\"wp-image-18859\" srcset=\"https:\/\/blogdorogeriogomes.com.br\/noticias\/wp-content\/uploads\/2020\/10\/mg_0007-13803763-1024x683.jpg 1024w, https:\/\/blogdorogeriogomes.com.br\/noticias\/wp-content\/uploads\/2020\/10\/mg_0007-13803763-300x200.jpg 300w, https:\/\/blogdorogeriogomes.com.br\/noticias\/wp-content\/uploads\/2020\/10\/mg_0007-13803763-768x512.jpg 768w, https:\/\/blogdorogeriogomes.com.br\/noticias\/wp-content\/uploads\/2020\/10\/mg_0007-13803763-1536x1024.jpg 1536w, https:\/\/blogdorogeriogomes.com.br\/noticias\/wp-content\/uploads\/2020\/10\/mg_0007-13803763-800x533.jpg 800w, https:\/\/blogdorogeriogomes.com.br\/noticias\/wp-content\/uploads\/2020\/10\/mg_0007-13803763.jpg 1920w\" sizes=\"auto, (max-width: 1024px) 100vw, 1024px\" \/><\/figure>\n","protected":false},"excerpt":{"rendered":"<p>O novo decreto estadual, v\u00e1lido a partir da pr\u00f3xima segunda-feira, dia 2 de novembro, continuar\u00e1 com as recomenda\u00e7\u00f5es que visam restringir o n\u00famero de casos de Covid-19 no Cear\u00e1. O principal deles \u00e9 a proibi\u00e7\u00e3o da realiza\u00e7\u00e3o de eventos festivos em ambientes fechados no Estado. Fortaleza, Aquiraz, Eus\u00e9bio, Itaitinga, Maracana\u00fa, Acarape, Barreira, Guaiuba, Maracana\u00fa, Maranguape, Pacatuba, Palm\u00e1cia e Reden\u00e7\u00e3o registraram um acr\u00e9scimo de 21,6% nos casos da Covid-19 nesta semana. H\u00e1 registro de incremento de casos tamb\u00e9m em outros&hellip;<\/p>\n","protected":false},"author":1,"featured_media":18859,"comment_status":"open","ping_status":"open","sticky":false,"template":"","format":"standard","meta":{"footnotes":""},"categories":[1],"tags":[],"class_list":["post-18858","post","type-post","status-publish","format-standard","has-post-thumbnail","hentry","category-noticias"],"_links":{"self":[{"href":"https:\/\/blogdorogeriogomes.com.br\/noticias\/wp-json\/wp\/v2\/posts\/18858","targetHints":{"allow":["GET"]}}],"collection":[{"href":"https:\/\/blogdorogeriogomes.com.br\/noticias\/wp-json\/wp\/v2\/posts"}],"about":[{"href":"https:\/\/blogdorogeriogomes.com.br\/noticias\/wp-json\/wp\/v2\/types\/post"}],"author":[{"embeddable":true,"href":"https:\/\/blogdorogeriogomes.com.br\/noticias\/wp-json\/wp\/v2\/users\/1"}],"replies":[{"embeddable":true,"href":"https:\/\/blogdorogeriogomes.com.br\/noticias\/wp-json\/wp\/v2\/comments?post=18858"}],"version-history":[{"count":1,"href":"https:\/\/blogdorogeriogomes.com.br\/noticias\/wp-json\/wp\/v2\/posts\/18858\/revisions"}],"predecessor-version":[{"id":18860,"href":"https:\/\/blogdorogeriogomes.com.br\/noticias\/wp-json\/wp\/v2\/posts\/18858\/revisions\/18860"}],"wp:featuredmedia":[{"embeddable":true,"href":"https:\/\/blogdorogeriogomes.com.br\/noticias\/wp-json\/wp\/v2\/media\/18859"}],"wp:attachment":[{"href":"https:\/\/blogdorogeriogomes.com.br\/noticias\/wp-json\/wp\/v2\/media?parent=18858"}],"wp:term":[{"taxonomy":"category","embeddable":true,"href":"https:\/\/blogdorogeriogomes.com.br\/noticias\/wp-json\/wp\/v2\/categories?post=18858"},{"taxonomy":"post_tag","embeddable":true,"href":"https:\/\/blogdorogeriogomes.com.br\/noticias\/wp-json\/wp\/v2\/tags?post=18858"}],"curies":[{"name":"wp","href":"https:\/\/api.w.org\/{rel}","templated":true}]}}