{"id":18879,"date":"2020-11-03T18:01:19","date_gmt":"2020-11-03T18:01:19","guid":{"rendered":"https:\/\/blogdorogeriogomes.com.br\/?p=18879"},"modified":"2020-11-04T00:04:48","modified_gmt":"2020-11-04T00:04:48","slug":"camilo-diz-ser-muito-estranha-operacao-da-pf-envolvendo-a-prefeitura-de-fortaleza-em-periodo-eleitoral","status":"publish","type":"post","link":"https:\/\/blogdorogeriogomes.com.br\/noticias\/2020\/11\/camilo-diz-ser-muito-estranha-operacao-da-pf-envolvendo-a-prefeitura-de-fortaleza-em-periodo-eleitoral\/","title":{"rendered":"Camilo diz ser &#8220;muito estranha&#8221; opera\u00e7\u00e3o da PF envolvendo a Prefeitura de Fortaleza em per\u00edodo eleitoral"},"content":{"rendered":"\n<p>O governador do Cear\u00e1, Camilo Santana (PT), criticou nesta ter\u00e7a-feira, dia 3 de novembro, a opera\u00e7\u00e3o da Pol\u00edcia Federal sobre suposto desvio de verba em recursos do hospital de campanha do Est\u00e1dio Presidente Vargas, montado pela Prefeitura de Fortaleza como parte das medidas de combate \u00e0 pandemia do novo coronav\u00edrus.<\/p>\n\n\n\n<p>Camilo usou as suas redes sociais para classificar a deflagra\u00e7\u00e3o como &#8220;muito estranha&#8221; por ser feita a poucos dias da elei\u00e7\u00e3o, juntamente com a CGU, \u00f3rg\u00e3o do governo federal. &#8220;Espero que uma institui\u00e7\u00e3o com uma hist\u00f3ria t\u00e3o s\u00e9ria e respeitada como a PF n\u00e3o esteja sendo instrumentalizada neste momento&#8221;, escreveu.<\/p>\n\n\n\n<p>O chefe executivo disse que sempre defender\u00e1 a transpar\u00eancia e a investiga\u00e7\u00e3o de qualquer natureza, &#8220;mas desde que guiadas unicamente por crit\u00e9rios t\u00e9cnicos e jamais por quest\u00f5es pol\u00edticas&#8221;.<\/p>\n\n\n\n<figure class=\"wp-block-image size-large\"><img loading=\"lazy\" decoding=\"async\" width=\"678\" height=\"452\" src=\"https:\/\/blogdorogeriogomes.com.br\/wp-content\/uploads\/2020\/11\/images-29.jpeg\" alt=\"\" class=\"wp-image-18880\" srcset=\"https:\/\/blogdorogeriogomes.com.br\/noticias\/wp-content\/uploads\/2020\/11\/images-29.jpeg 678w, https:\/\/blogdorogeriogomes.com.br\/noticias\/wp-content\/uploads\/2020\/11\/images-29-300x200.jpeg 300w\" sizes=\"auto, (max-width: 678px) 100vw, 678px\" \/><\/figure>\n","protected":false},"excerpt":{"rendered":"<p>O governador do Cear\u00e1, Camilo Santana (PT), criticou nesta ter\u00e7a-feira, dia 3 de novembro, a opera\u00e7\u00e3o da Pol\u00edcia Federal sobre suposto desvio de verba em recursos do hospital de campanha do Est\u00e1dio Presidente Vargas, montado pela Prefeitura de Fortaleza como parte das medidas de combate \u00e0 pandemia do novo coronav\u00edrus. Camilo usou as suas redes sociais para classificar a deflagra\u00e7\u00e3o como &#8220;muito estranha&#8221; por ser feita a poucos dias da elei\u00e7\u00e3o, juntamente com a CGU, \u00f3rg\u00e3o do governo federal.&hellip;<\/p>\n","protected":false},"author":1,"featured_media":18880,"comment_status":"open","ping_status":"open","sticky":false,"template":"","format":"standard","meta":{"footnotes":""},"categories":[1],"tags":[],"class_list":["post-18879","post","type-post","status-publish","format-standard","has-post-thumbnail","hentry","category-noticias"],"_links":{"self":[{"href":"https:\/\/blogdorogeriogomes.com.br\/noticias\/wp-json\/wp\/v2\/posts\/18879","targetHints":{"allow":["GET"]}}],"collection":[{"href":"https:\/\/blogdorogeriogomes.com.br\/noticias\/wp-json\/wp\/v2\/posts"}],"about":[{"href":"https:\/\/blogdorogeriogomes.com.br\/noticias\/wp-json\/wp\/v2\/types\/post"}],"author":[{"embeddable":true,"href":"https:\/\/blogdorogeriogomes.com.br\/noticias\/wp-json\/wp\/v2\/users\/1"}],"replies":[{"embeddable":true,"href":"https:\/\/blogdorogeriogomes.com.br\/noticias\/wp-json\/wp\/v2\/comments?post=18879"}],"version-history":[{"count":1,"href":"https:\/\/blogdorogeriogomes.com.br\/noticias\/wp-json\/wp\/v2\/posts\/18879\/revisions"}],"predecessor-version":[{"id":18881,"href":"https:\/\/blogdorogeriogomes.com.br\/noticias\/wp-json\/wp\/v2\/posts\/18879\/revisions\/18881"}],"wp:featuredmedia":[{"embeddable":true,"href":"https:\/\/blogdorogeriogomes.com.br\/noticias\/wp-json\/wp\/v2\/media\/18880"}],"wp:attachment":[{"href":"https:\/\/blogdorogeriogomes.com.br\/noticias\/wp-json\/wp\/v2\/media?parent=18879"}],"wp:term":[{"taxonomy":"category","embeddable":true,"href":"https:\/\/blogdorogeriogomes.com.br\/noticias\/wp-json\/wp\/v2\/categories?post=18879"},{"taxonomy":"post_tag","embeddable":true,"href":"https:\/\/blogdorogeriogomes.com.br\/noticias\/wp-json\/wp\/v2\/tags?post=18879"}],"curies":[{"name":"wp","href":"https:\/\/api.w.org\/{rel}","templated":true}]}}