{"id":18885,"date":"2020-11-03T23:19:24","date_gmt":"2020-11-03T23:19:24","guid":{"rendered":"https:\/\/blogdorogeriogomes.com.br\/?p=18885"},"modified":"2020-11-04T00:04:17","modified_gmt":"2020-11-04T00:04:17","slug":"na-segunda-rodada-do-ibope-em-fortaleza-sarto-tem-29-capitao-wagner-com-27-e-luizianne-24","status":"publish","type":"post","link":"https:\/\/blogdorogeriogomes.com.br\/noticias\/2020\/11\/na-segunda-rodada-do-ibope-em-fortaleza-sarto-tem-29-capitao-wagner-com-27-e-luizianne-24\/","title":{"rendered":"Na segunda rodada do Ibope em Fortaleza, Sarto tem 29%; Capit\u00e3o Wagner com 27% e Luizianne, 24%"},"content":{"rendered":"\n<p>A segunda rodada da pesquisa Ibope com inten\u00e7\u00f5es de voto para a Prefeitura de Fortaleza foi divulgada nesta ter\u00e7a-feira, dia 3 de novembro, encomendada pelo Sistema Verdes Mares, e apontou uma mudan\u00e7a de cen\u00e1rio nesta reta final at\u00e9 o primeiro turno, no dia 15 de novembro. Antes em terceiro, o candidato Jos\u00e9 Sarto (PDT) cresceu 13 pontos percentuais e assumiu a frente dos demais prefeitur\u00e1veis, com 29%, mas empatado tecnicamente com Capit\u00e3o Wagner (Pros), 27%, e Luizianne Lins (PT), 24%.<br>Candidato apoiado pelo atual prefeito, Roberto Cl\u00e1udio, e pelos Ferreira Gomes, Sarto tem seu crescimento associado ao trabalho de vincular sua imagem enquanto sucessor da base pedetista hoje no Pa\u00e7o Municipal, al\u00e9m da parceria com o Governo do Estado.<br>Al\u00e9m disso, Luizianne Lins e Capit\u00e3o Wagner enfrentam, segundo o Ibope, os maiores \u00edndices de rejei\u00e7\u00e3o entre os entrevistados. Enquanto a petista tem 38%, Wagner enfrenta 36% de eleitores que n\u00e3o votariam nele para prefeito de Fortaleza. A rejei\u00e7\u00e3o de Sarto \u00e9 de 15%.<br>Comparado \u00e0 pesquisa anterior, Wagner caiu um ponto percentual, enquanto Luizianne Lins subiu um ponto. A oscila\u00e7\u00e3o ocorre dentro da margem de erro de tr\u00eas pontos percentuais, para mais ou para menos.<\/p>\n\n\n\n<figure class=\"wp-block-image size-large\"><img loading=\"lazy\" decoding=\"async\" width=\"640\" height=\"480\" src=\"https:\/\/blogdorogeriogomes.com.br\/wp-content\/uploads\/2020\/11\/images-32.jpeg\" alt=\"\" class=\"wp-image-18886\" srcset=\"https:\/\/blogdorogeriogomes.com.br\/noticias\/wp-content\/uploads\/2020\/11\/images-32.jpeg 640w, https:\/\/blogdorogeriogomes.com.br\/noticias\/wp-content\/uploads\/2020\/11\/images-32-300x225.jpeg 300w, https:\/\/blogdorogeriogomes.com.br\/noticias\/wp-content\/uploads\/2020\/11\/images-32-400x300.jpeg 400w\" sizes=\"auto, (max-width: 640px) 100vw, 640px\" \/><\/figure>\n","protected":false},"excerpt":{"rendered":"<p>A segunda rodada da pesquisa Ibope com inten\u00e7\u00f5es de voto para a Prefeitura de Fortaleza foi divulgada nesta ter\u00e7a-feira, dia 3 de novembro, encomendada pelo Sistema Verdes Mares, e apontou uma mudan\u00e7a de cen\u00e1rio nesta reta final at\u00e9 o primeiro turno, no dia 15 de novembro. Antes em terceiro, o candidato Jos\u00e9 Sarto (PDT) cresceu 13 pontos percentuais e assumiu a frente dos demais prefeitur\u00e1veis, com 29%, mas empatado tecnicamente com Capit\u00e3o Wagner (Pros), 27%, e Luizianne Lins (PT),&hellip;<\/p>\n","protected":false},"author":1,"featured_media":18886,"comment_status":"open","ping_status":"open","sticky":false,"template":"","format":"standard","meta":{"footnotes":""},"categories":[1],"tags":[],"class_list":["post-18885","post","type-post","status-publish","format-standard","has-post-thumbnail","hentry","category-noticias"],"_links":{"self":[{"href":"https:\/\/blogdorogeriogomes.com.br\/noticias\/wp-json\/wp\/v2\/posts\/18885","targetHints":{"allow":["GET"]}}],"collection":[{"href":"https:\/\/blogdorogeriogomes.com.br\/noticias\/wp-json\/wp\/v2\/posts"}],"about":[{"href":"https:\/\/blogdorogeriogomes.com.br\/noticias\/wp-json\/wp\/v2\/types\/post"}],"author":[{"embeddable":true,"href":"https:\/\/blogdorogeriogomes.com.br\/noticias\/wp-json\/wp\/v2\/users\/1"}],"replies":[{"embeddable":true,"href":"https:\/\/blogdorogeriogomes.com.br\/noticias\/wp-json\/wp\/v2\/comments?post=18885"}],"version-history":[{"count":1,"href":"https:\/\/blogdorogeriogomes.com.br\/noticias\/wp-json\/wp\/v2\/posts\/18885\/revisions"}],"predecessor-version":[{"id":18887,"href":"https:\/\/blogdorogeriogomes.com.br\/noticias\/wp-json\/wp\/v2\/posts\/18885\/revisions\/18887"}],"wp:featuredmedia":[{"embeddable":true,"href":"https:\/\/blogdorogeriogomes.com.br\/noticias\/wp-json\/wp\/v2\/media\/18886"}],"wp:attachment":[{"href":"https:\/\/blogdorogeriogomes.com.br\/noticias\/wp-json\/wp\/v2\/media?parent=18885"}],"wp:term":[{"taxonomy":"category","embeddable":true,"href":"https:\/\/blogdorogeriogomes.com.br\/noticias\/wp-json\/wp\/v2\/categories?post=18885"},{"taxonomy":"post_tag","embeddable":true,"href":"https:\/\/blogdorogeriogomes.com.br\/noticias\/wp-json\/wp\/v2\/tags?post=18885"}],"curies":[{"name":"wp","href":"https:\/\/api.w.org\/{rel}","templated":true}]}}