{"id":18889,"date":"2020-11-04T09:05:53","date_gmt":"2020-11-04T09:05:53","guid":{"rendered":"https:\/\/blogdorogeriogomes.com.br\/?p=18889"},"modified":"2020-11-04T10:44:41","modified_gmt":"2020-11-04T10:44:41","slug":"flavio-bolsonaro-e-fabricio-queiroz-sao-denunciados-pelo-mp-do-rio-de-janeiro-no-caso-das-rachadinhas","status":"publish","type":"post","link":"https:\/\/blogdorogeriogomes.com.br\/noticias\/2020\/11\/flavio-bolsonaro-e-fabricio-queiroz-sao-denunciados-pelo-mp-do-rio-de-janeiro-no-caso-das-rachadinhas\/","title":{"rendered":"Fl\u00e1vio Bolsonaro e Fabr\u00edcio Queiroz s\u00e3o denunciados pelo MP do Rio de Janeiro no caso das &#8220;rachadinhas&#8221;"},"content":{"rendered":"\n<p>Depois de muita demora e tamb\u00e9m de adiamentos, o senador Fl\u00e1vio Bolsonaro, filho do presidente Jair Bolsonaro, foi denunciado por peculato, lavagem de dinheiro e organiza\u00e7\u00e3o criminosa. A den\u00fancia foi oferecida pelo Minist\u00e9rio P\u00fablico do Rio de Janeiro no chamado Caso Queiroz, tamb\u00e9m conhecido como processo das &#8220;rachadinhas&#8221;. Fl\u00e1vio Bolsonaro e o seu ex-assessor Fabr\u00edcio Queiroz s\u00e3o suspeitos de comandarem um suposto esquema de repasses ilegais de sal\u00e1rios de funcion\u00e1rios do gabinete de Fl\u00e1vio quando ele era deputado estadual pelo Rio de Janeiro.<\/p>\n\n\n\n<p>Outras 15 pessoas tamb\u00e9m foram denunciados pela pr\u00e1tica dos crimes de organiza\u00e7\u00e3o criminosa, peculato, lavagem de dinheiro e apropria\u00e7\u00e3o ind\u00e9bita, ocorridos entre os anos de 2007 e 2018. Se a Justi\u00e7a aceitar a den\u00fancia do Minist\u00e9rio P\u00fablico do Rio de Janeiro, o filho de Bolsonaro e seus ex-assessores virar\u00e3o r\u00e9us.<\/p>\n\n\n\n<figure class=\"wp-block-image size-large\"><img loading=\"lazy\" decoding=\"async\" width=\"666\" height=\"375\" src=\"https:\/\/blogdorogeriogomes.com.br\/wp-content\/uploads\/2020\/11\/images-34.jpeg\" alt=\"\" class=\"wp-image-18890\" srcset=\"https:\/\/blogdorogeriogomes.com.br\/noticias\/wp-content\/uploads\/2020\/11\/images-34.jpeg 666w, https:\/\/blogdorogeriogomes.com.br\/noticias\/wp-content\/uploads\/2020\/11\/images-34-300x169.jpeg 300w\" sizes=\"auto, (max-width: 666px) 100vw, 666px\" \/><\/figure>\n","protected":false},"excerpt":{"rendered":"<p>Depois de muita demora e tamb\u00e9m de adiamentos, o senador Fl\u00e1vio Bolsonaro, filho do presidente Jair Bolsonaro, foi denunciado por peculato, lavagem de dinheiro e organiza\u00e7\u00e3o criminosa. A den\u00fancia foi oferecida pelo Minist\u00e9rio P\u00fablico do Rio de Janeiro no chamado Caso Queiroz, tamb\u00e9m conhecido como processo das &#8220;rachadinhas&#8221;. Fl\u00e1vio Bolsonaro e o seu ex-assessor Fabr\u00edcio Queiroz s\u00e3o suspeitos de comandarem um suposto esquema de repasses ilegais de sal\u00e1rios de funcion\u00e1rios do gabinete de Fl\u00e1vio quando ele era deputado estadual&hellip;<\/p>\n","protected":false},"author":1,"featured_media":18890,"comment_status":"open","ping_status":"open","sticky":false,"template":"","format":"standard","meta":{"footnotes":""},"categories":[1],"tags":[],"class_list":["post-18889","post","type-post","status-publish","format-standard","has-post-thumbnail","hentry","category-noticias"],"_links":{"self":[{"href":"https:\/\/blogdorogeriogomes.com.br\/noticias\/wp-json\/wp\/v2\/posts\/18889","targetHints":{"allow":["GET"]}}],"collection":[{"href":"https:\/\/blogdorogeriogomes.com.br\/noticias\/wp-json\/wp\/v2\/posts"}],"about":[{"href":"https:\/\/blogdorogeriogomes.com.br\/noticias\/wp-json\/wp\/v2\/types\/post"}],"author":[{"embeddable":true,"href":"https:\/\/blogdorogeriogomes.com.br\/noticias\/wp-json\/wp\/v2\/users\/1"}],"replies":[{"embeddable":true,"href":"https:\/\/blogdorogeriogomes.com.br\/noticias\/wp-json\/wp\/v2\/comments?post=18889"}],"version-history":[{"count":1,"href":"https:\/\/blogdorogeriogomes.com.br\/noticias\/wp-json\/wp\/v2\/posts\/18889\/revisions"}],"predecessor-version":[{"id":18891,"href":"https:\/\/blogdorogeriogomes.com.br\/noticias\/wp-json\/wp\/v2\/posts\/18889\/revisions\/18891"}],"wp:featuredmedia":[{"embeddable":true,"href":"https:\/\/blogdorogeriogomes.com.br\/noticias\/wp-json\/wp\/v2\/media\/18890"}],"wp:attachment":[{"href":"https:\/\/blogdorogeriogomes.com.br\/noticias\/wp-json\/wp\/v2\/media?parent=18889"}],"wp:term":[{"taxonomy":"category","embeddable":true,"href":"https:\/\/blogdorogeriogomes.com.br\/noticias\/wp-json\/wp\/v2\/categories?post=18889"},{"taxonomy":"post_tag","embeddable":true,"href":"https:\/\/blogdorogeriogomes.com.br\/noticias\/wp-json\/wp\/v2\/tags?post=18889"}],"curies":[{"name":"wp","href":"https:\/\/api.w.org\/{rel}","templated":true}]}}