{"id":18892,"date":"2020-11-04T09:27:46","date_gmt":"2020-11-04T09:27:46","guid":{"rendered":"https:\/\/blogdorogeriogomes.com.br\/?p=18892"},"modified":"2020-11-04T10:45:09","modified_gmt":"2020-11-04T10:45:09","slug":"ibope-mostra-que-aprovacao-de-camilo-santana-e-roberto-claudio-em-fortaleza-reforca-o-papel-dos-dois-como-cabos-eleitorais","status":"publish","type":"post","link":"https:\/\/blogdorogeriogomes.com.br\/noticias\/2020\/11\/ibope-mostra-que-aprovacao-de-camilo-santana-e-roberto-claudio-em-fortaleza-reforca-o-papel-dos-dois-como-cabos-eleitorais\/","title":{"rendered":"Ibope mostra que aprova\u00e7\u00e3o de Camilo Santana e Roberto Cl\u00e1udio em Fortaleza refor\u00e7a o papel dos dois como cabos eleitorais"},"content":{"rendered":"\n<p>A boa aprova\u00e7\u00e3o do governador Camilo Santana (PT) e do prefeito Roberto Cl\u00e1udio (PDT) em Fortaleza, segundo o Ibope, mostra o papel dos dois como cabos eleitorais na sucess\u00e3o municipal deste ano. Camilo e Roberto Cl\u00e1udio t\u00eam mostrado uni\u00e3o na realiza\u00e7\u00e3o de obras e parcerias, atrav\u00e9s do programa &#8220;Juntos por Fortaleza&#8221;. Apesar de ser do PT, Camilo n\u00e3o esconde o alinhamento pol\u00edtico com o prefeito e com os irm\u00e3os Ferreira Gomes que defendem a elei\u00e7\u00e3o de Jos\u00e9 Sarto (PDT) para a Prefeitura da Capital, em 15 de novembro.<\/p>\n\n\n\n<p>De acordo com a segunda rodada do Ibope, a avalia\u00e7\u00e3o do governador Camilo Santana em Fortaleza tem 51% como \u00f3timo ou bom. Outros 30% consideram a gest\u00e3o regular.&nbsp; Para 15%, a gest\u00e3o \u00e9 ruim ou p\u00e9ssima. Roberto Cl\u00e1udio \u00e9 aprovado por 56% dos fortalezenses, enquanto 28% classificam como regular. Cerca 15% desaprovam a gest\u00e3o.<\/p>\n\n\n\n<p>O Capit\u00e3o Wagner (Pros) tem como aliado o presidente Jair Bolsonaro, mas n\u00e3o tem usado isso como trunfo na campanha eleitoral. E h\u00e1 motivo, segundo o Ibope. Em Fortaleza, Bolsonaro tem 49% de avalia\u00e7\u00e3o ruim e p\u00e9ssima. 27% dos entrevistados aprovam a gest\u00e3o. Outros 22% consideram regular.<\/p>\n\n\n\n<p>O Ibope tamb\u00e9m mediu cen\u00e1rios de segundo turno na Capital. Jos\u00e9 Sarto (PDT) venceria os confrontos em todas as simula\u00e7\u00f5es feitas. Contra o candidato Capit\u00e3o Wagner (Pros), o Sarto teria 46% das inten\u00e7\u00f5es de voto contra 36% do deputado federal. Frente a ex-prefeita Luizianne Lins (PT) a diferen\u00e7a \u00e9 maior: 46% contra 33%.&nbsp;<\/p>\n\n\n\n<figure class=\"wp-block-image size-large\"><img loading=\"lazy\" decoding=\"async\" width=\"677\" height=\"453\" src=\"https:\/\/blogdorogeriogomes.com.br\/wp-content\/uploads\/2020\/11\/images-33.jpeg\" alt=\"\" class=\"wp-image-18893\" srcset=\"https:\/\/blogdorogeriogomes.com.br\/noticias\/wp-content\/uploads\/2020\/11\/images-33.jpeg 677w, https:\/\/blogdorogeriogomes.com.br\/noticias\/wp-content\/uploads\/2020\/11\/images-33-300x201.jpeg 300w\" sizes=\"auto, (max-width: 677px) 100vw, 677px\" \/><\/figure>\n","protected":false},"excerpt":{"rendered":"<p>A boa aprova\u00e7\u00e3o do governador Camilo Santana (PT) e do prefeito Roberto Cl\u00e1udio (PDT) em Fortaleza, segundo o Ibope, mostra o papel dos dois como cabos eleitorais na sucess\u00e3o municipal deste ano. Camilo e Roberto Cl\u00e1udio t\u00eam mostrado uni\u00e3o na realiza\u00e7\u00e3o de obras e parcerias, atrav\u00e9s do programa &#8220;Juntos por Fortaleza&#8221;. Apesar de ser do PT, Camilo n\u00e3o esconde o alinhamento pol\u00edtico com o prefeito e com os irm\u00e3os Ferreira Gomes que defendem a elei\u00e7\u00e3o de Jos\u00e9 Sarto (PDT)&hellip;<\/p>\n","protected":false},"author":1,"featured_media":18893,"comment_status":"open","ping_status":"open","sticky":false,"template":"","format":"standard","meta":{"footnotes":""},"categories":[1],"tags":[],"class_list":["post-18892","post","type-post","status-publish","format-standard","has-post-thumbnail","hentry","category-noticias"],"_links":{"self":[{"href":"https:\/\/blogdorogeriogomes.com.br\/noticias\/wp-json\/wp\/v2\/posts\/18892","targetHints":{"allow":["GET"]}}],"collection":[{"href":"https:\/\/blogdorogeriogomes.com.br\/noticias\/wp-json\/wp\/v2\/posts"}],"about":[{"href":"https:\/\/blogdorogeriogomes.com.br\/noticias\/wp-json\/wp\/v2\/types\/post"}],"author":[{"embeddable":true,"href":"https:\/\/blogdorogeriogomes.com.br\/noticias\/wp-json\/wp\/v2\/users\/1"}],"replies":[{"embeddable":true,"href":"https:\/\/blogdorogeriogomes.com.br\/noticias\/wp-json\/wp\/v2\/comments?post=18892"}],"version-history":[{"count":2,"href":"https:\/\/blogdorogeriogomes.com.br\/noticias\/wp-json\/wp\/v2\/posts\/18892\/revisions"}],"predecessor-version":[{"id":18896,"href":"https:\/\/blogdorogeriogomes.com.br\/noticias\/wp-json\/wp\/v2\/posts\/18892\/revisions\/18896"}],"wp:featuredmedia":[{"embeddable":true,"href":"https:\/\/blogdorogeriogomes.com.br\/noticias\/wp-json\/wp\/v2\/media\/18893"}],"wp:attachment":[{"href":"https:\/\/blogdorogeriogomes.com.br\/noticias\/wp-json\/wp\/v2\/media?parent=18892"}],"wp:term":[{"taxonomy":"category","embeddable":true,"href":"https:\/\/blogdorogeriogomes.com.br\/noticias\/wp-json\/wp\/v2\/categories?post=18892"},{"taxonomy":"post_tag","embeddable":true,"href":"https:\/\/blogdorogeriogomes.com.br\/noticias\/wp-json\/wp\/v2\/tags?post=18892"}],"curies":[{"name":"wp","href":"https:\/\/api.w.org\/{rel}","templated":true}]}}