{"id":18906,"date":"2020-11-05T09:11:19","date_gmt":"2020-11-05T09:11:19","guid":{"rendered":"https:\/\/blogdorogeriogomes.com.br\/?p=18906"},"modified":"2020-11-09T10:05:54","modified_gmt":"2020-11-09T10:05:54","slug":"governo-do-estado-encaminha-para-assembleia-legislativa-projeto-que-isenta-ipva-para-o-transporte-escolar-no-ceara","status":"publish","type":"post","link":"https:\/\/blogdorogeriogomes.com.br\/noticias\/2020\/11\/governo-do-estado-encaminha-para-assembleia-legislativa-projeto-que-isenta-ipva-para-o-transporte-escolar-no-ceara\/","title":{"rendered":"Governo do Estado encaminha para Assembleia Legislativa projeto que isenta IPVA para o transporte escolar no Cear\u00e1"},"content":{"rendered":"\n<p>Uma boa not\u00edcia para quem trabalha diretamente com o transporte escolar. O governador do Cear\u00e1, Camilo Santana, encaminhou nesta quarta-feira, dia 4 de novembro, \u00e0 Assembleia Legislativa, projeto de lei que concede isen\u00e7\u00e3o do Imposto sobre a Propriedade de Ve\u00edculos Automotores (IPVA) 2021 para transportes escolares de todo o Estado. A proposi\u00e7\u00e3o tamb\u00e9m reduz de 3% para 1% a al\u00edquota do mesmo imposto para autoescolas credenciadas no Departamento Estadual de Tr\u00e2nsito do Cear\u00e1 (Detran-CE). O projeto de Lei deve atingir cerca de 700 ve\u00edculos de transporte escolar e 2.400 de autoescolas.<\/p>\n\n\n\n<p>A mat\u00e9ria prev\u00ea ainda a possibilidade de concess\u00e3o futura de desconto de at\u00e9 10% no IPVA em cota \u00fanica para pessoas f\u00edsicas participantes de programas que estimulem, eduquem e conscientizem os consumidores sobre a import\u00e2ncia da exig\u00eancia de cupons fiscais. Atualmente, o abatimento pela cota \u00fanica se limita a 5%.<\/p>\n\n\n\n<figure class=\"wp-block-image size-large\"><img loading=\"lazy\" decoding=\"async\" width=\"696\" height=\"525\" src=\"https:\/\/blogdorogeriogomes.com.br\/wp-content\/uploads\/2020\/11\/WhatsApp-Image-2020-11-04-at-19.33.01-e1604530052535.jpeg\" alt=\"\" class=\"wp-image-18907\" srcset=\"https:\/\/blogdorogeriogomes.com.br\/noticias\/wp-content\/uploads\/2020\/11\/WhatsApp-Image-2020-11-04-at-19.33.01-e1604530052535.jpeg 696w, https:\/\/blogdorogeriogomes.com.br\/noticias\/wp-content\/uploads\/2020\/11\/WhatsApp-Image-2020-11-04-at-19.33.01-e1604530052535-300x226.jpeg 300w\" sizes=\"auto, (max-width: 696px) 100vw, 696px\" \/><\/figure>\n","protected":false},"excerpt":{"rendered":"<p>Uma boa not\u00edcia para quem trabalha diretamente com o transporte escolar. O governador do Cear\u00e1, Camilo Santana, encaminhou nesta quarta-feira, dia 4 de novembro, \u00e0 Assembleia Legislativa, projeto de lei que concede isen\u00e7\u00e3o do Imposto sobre a Propriedade de Ve\u00edculos Automotores (IPVA) 2021 para transportes escolares de todo o Estado. A proposi\u00e7\u00e3o tamb\u00e9m reduz de 3% para 1% a al\u00edquota do mesmo imposto para autoescolas credenciadas no Departamento Estadual de Tr\u00e2nsito do Cear\u00e1 (Detran-CE). O projeto de Lei deve&hellip;<\/p>\n","protected":false},"author":1,"featured_media":18907,"comment_status":"open","ping_status":"open","sticky":false,"template":"","format":"standard","meta":{"footnotes":""},"categories":[1],"tags":[],"class_list":["post-18906","post","type-post","status-publish","format-standard","has-post-thumbnail","hentry","category-noticias"],"_links":{"self":[{"href":"https:\/\/blogdorogeriogomes.com.br\/noticias\/wp-json\/wp\/v2\/posts\/18906","targetHints":{"allow":["GET"]}}],"collection":[{"href":"https:\/\/blogdorogeriogomes.com.br\/noticias\/wp-json\/wp\/v2\/posts"}],"about":[{"href":"https:\/\/blogdorogeriogomes.com.br\/noticias\/wp-json\/wp\/v2\/types\/post"}],"author":[{"embeddable":true,"href":"https:\/\/blogdorogeriogomes.com.br\/noticias\/wp-json\/wp\/v2\/users\/1"}],"replies":[{"embeddable":true,"href":"https:\/\/blogdorogeriogomes.com.br\/noticias\/wp-json\/wp\/v2\/comments?post=18906"}],"version-history":[{"count":1,"href":"https:\/\/blogdorogeriogomes.com.br\/noticias\/wp-json\/wp\/v2\/posts\/18906\/revisions"}],"predecessor-version":[{"id":18908,"href":"https:\/\/blogdorogeriogomes.com.br\/noticias\/wp-json\/wp\/v2\/posts\/18906\/revisions\/18908"}],"wp:featuredmedia":[{"embeddable":true,"href":"https:\/\/blogdorogeriogomes.com.br\/noticias\/wp-json\/wp\/v2\/media\/18907"}],"wp:attachment":[{"href":"https:\/\/blogdorogeriogomes.com.br\/noticias\/wp-json\/wp\/v2\/media?parent=18906"}],"wp:term":[{"taxonomy":"category","embeddable":true,"href":"https:\/\/blogdorogeriogomes.com.br\/noticias\/wp-json\/wp\/v2\/categories?post=18906"},{"taxonomy":"post_tag","embeddable":true,"href":"https:\/\/blogdorogeriogomes.com.br\/noticias\/wp-json\/wp\/v2\/tags?post=18906"}],"curies":[{"name":"wp","href":"https:\/\/api.w.org\/{rel}","templated":true}]}}