{"id":18909,"date":"2020-11-05T09:26:42","date_gmt":"2020-11-05T09:26:42","guid":{"rendered":"https:\/\/blogdorogeriogomes.com.br\/?p=18909"},"modified":"2020-11-09T10:05:44","modified_gmt":"2020-11-09T10:05:44","slug":"justica-eleitoral-proibe-eventos-de-campanha-politica-com-aglomeracao-no-ceara","status":"publish","type":"post","link":"https:\/\/blogdorogeriogomes.com.br\/noticias\/2020\/11\/justica-eleitoral-proibe-eventos-de-campanha-politica-com-aglomeracao-no-ceara\/","title":{"rendered":"Justi\u00e7a Eleitoral pro\u00edbe eventos de campanha pol\u00edtica com aglomera\u00e7\u00e3o no Cear\u00e1"},"content":{"rendered":"\n<p>O Tribunal Regional Eleitoral do Cear\u00e1 (TRE) aprovou, nesta quarta-feira, dia 4 de novembro, resolu\u00e7\u00e3o que pro\u00edbe &#8220;atos de campanha eleitoral que causem aglomera\u00e7\u00e3o, ainda que em espa\u00e7os abertos, semiabertos ou no formato drive-in&#8221; em todo o Cear\u00e1. O objetivo \u00e9 evitar a prolifera\u00e7\u00e3o de casos da Covid-19, que j\u00e1 come\u00e7aram a aparecer em v\u00e1rias cidades cearenses.<\/p>\n\n\n\n<p>Com a decis\u00e3o, ficam inviabilizadas as realiza\u00e7\u00f5es de com\u00edcios, bandeira\u00e7os, passeatas, caminhadas, carreatas e similares, al\u00e9m de confraterniza\u00e7\u00f5es ou eventos presenciais, inclusive os de arrecada\u00e7\u00e3o de recursos de campanha.<\/p>\n\n\n\n<p>Caso sejam identificados eventos desta natureza, caber\u00e1 ao juiz eleitoral adotar as provid\u00eancias para coibi\u00e7\u00e3o dos atos de campanha fazendo uso, caso necess\u00e1rio, do aux\u00edlio da for\u00e7a policial.<\/p>\n\n\n\n<figure class=\"wp-block-image size-large\"><img loading=\"lazy\" decoding=\"async\" width=\"550\" height=\"309\" src=\"https:\/\/blogdorogeriogomes.com.br\/wp-content\/uploads\/2020\/11\/Aglomerac-es-na-campanha-eleitoral.png\" alt=\"\" class=\"wp-image-18910\" srcset=\"https:\/\/blogdorogeriogomes.com.br\/noticias\/wp-content\/uploads\/2020\/11\/Aglomerac-es-na-campanha-eleitoral.png 550w, https:\/\/blogdorogeriogomes.com.br\/noticias\/wp-content\/uploads\/2020\/11\/Aglomerac-es-na-campanha-eleitoral-300x169.png 300w\" sizes=\"auto, (max-width: 550px) 100vw, 550px\" \/><\/figure>\n","protected":false},"excerpt":{"rendered":"<p>O Tribunal Regional Eleitoral do Cear\u00e1 (TRE) aprovou, nesta quarta-feira, dia 4 de novembro, resolu\u00e7\u00e3o que pro\u00edbe &#8220;atos de campanha eleitoral que causem aglomera\u00e7\u00e3o, ainda que em espa\u00e7os abertos, semiabertos ou no formato drive-in&#8221; em todo o Cear\u00e1. O objetivo \u00e9 evitar a prolifera\u00e7\u00e3o de casos da Covid-19, que j\u00e1 come\u00e7aram a aparecer em v\u00e1rias cidades cearenses. Com a decis\u00e3o, ficam inviabilizadas as realiza\u00e7\u00f5es de com\u00edcios, bandeira\u00e7os, passeatas, caminhadas, carreatas e similares, al\u00e9m de confraterniza\u00e7\u00f5es ou eventos presenciais, inclusive&hellip;<\/p>\n","protected":false},"author":1,"featured_media":18910,"comment_status":"open","ping_status":"open","sticky":false,"template":"","format":"standard","meta":{"footnotes":""},"categories":[1],"tags":[],"class_list":["post-18909","post","type-post","status-publish","format-standard","has-post-thumbnail","hentry","category-noticias"],"_links":{"self":[{"href":"https:\/\/blogdorogeriogomes.com.br\/noticias\/wp-json\/wp\/v2\/posts\/18909","targetHints":{"allow":["GET"]}}],"collection":[{"href":"https:\/\/blogdorogeriogomes.com.br\/noticias\/wp-json\/wp\/v2\/posts"}],"about":[{"href":"https:\/\/blogdorogeriogomes.com.br\/noticias\/wp-json\/wp\/v2\/types\/post"}],"author":[{"embeddable":true,"href":"https:\/\/blogdorogeriogomes.com.br\/noticias\/wp-json\/wp\/v2\/users\/1"}],"replies":[{"embeddable":true,"href":"https:\/\/blogdorogeriogomes.com.br\/noticias\/wp-json\/wp\/v2\/comments?post=18909"}],"version-history":[{"count":1,"href":"https:\/\/blogdorogeriogomes.com.br\/noticias\/wp-json\/wp\/v2\/posts\/18909\/revisions"}],"predecessor-version":[{"id":18911,"href":"https:\/\/blogdorogeriogomes.com.br\/noticias\/wp-json\/wp\/v2\/posts\/18909\/revisions\/18911"}],"wp:featuredmedia":[{"embeddable":true,"href":"https:\/\/blogdorogeriogomes.com.br\/noticias\/wp-json\/wp\/v2\/media\/18910"}],"wp:attachment":[{"href":"https:\/\/blogdorogeriogomes.com.br\/noticias\/wp-json\/wp\/v2\/media?parent=18909"}],"wp:term":[{"taxonomy":"category","embeddable":true,"href":"https:\/\/blogdorogeriogomes.com.br\/noticias\/wp-json\/wp\/v2\/categories?post=18909"},{"taxonomy":"post_tag","embeddable":true,"href":"https:\/\/blogdorogeriogomes.com.br\/noticias\/wp-json\/wp\/v2\/tags?post=18909"}],"curies":[{"name":"wp","href":"https:\/\/api.w.org\/{rel}","templated":true}]}}