{"id":18915,"date":"2020-11-05T18:41:40","date_gmt":"2020-11-05T18:41:40","guid":{"rendered":"https:\/\/blogdorogeriogomes.com.br\/?p=18915"},"modified":"2020-11-09T10:05:20","modified_gmt":"2020-11-09T10:05:20","slug":"eleicoes-no-ceara-terao-presenca-das-forcas-federais-em-10-cidades-no-dia-de-votacao","status":"publish","type":"post","link":"https:\/\/blogdorogeriogomes.com.br\/noticias\/2020\/11\/eleicoes-no-ceara-terao-presenca-das-forcas-federais-em-10-cidades-no-dia-de-votacao\/","title":{"rendered":"Elei\u00e7\u00f5es no Cear\u00e1 ter\u00e3o presen\u00e7a das For\u00e7as Federais em 10 cidades no dia de vota\u00e7\u00e3o"},"content":{"rendered":"\n<p>O Tribunal Superior Eleitoral (TSE) determinou nesta quinta-feira, dia 5 de novembro, em decis\u00e3o un\u00e2nime, que o Estado do Cear\u00e1 ter\u00e1 a presen\u00e7a das For\u00e7as Federais em 10 munic\u00edpios para o dia de vota\u00e7\u00e3o do primeiro turno das elei\u00e7\u00f5es municipais, no domingo do dia 15 de novembro.<\/p>\n\n\n\n<p>Fortaleza, Caucaia, Maracana\u00fa, Pacajus, Horizonte e Itaitinga (Regi\u00e3o Metropolitana), Sobral (Regi\u00e3o Norte), Juazeiro do Norte, Crato e Barbalha (Cariri) receber\u00e3o a presen\u00e7a militar para seguran\u00e7a ao longo do fluxo de vota\u00e7\u00e3o.<\/p>\n\n\n\n<p>A a\u00e7\u00e3o atende ao pedido do Tribunal Regional Eleitoral (TRE-CE), com receio quanto aos acirramento de \u00e2nimos entre as milit\u00e2ncias de candidatos. A candidata \u00e0 Prefeitura de Fortaleza, Luizianne Lins (PT), refor\u00e7ou a solicita\u00e7\u00e3o.<\/p>\n\n\n\n<figure class=\"wp-block-image size-large\"><img loading=\"lazy\" decoding=\"async\" width=\"640\" height=\"480\" src=\"https:\/\/blogdorogeriogomes.com.br\/wp-content\/uploads\/2020\/11\/images-36.jpeg\" alt=\"\" class=\"wp-image-18916\" srcset=\"https:\/\/blogdorogeriogomes.com.br\/noticias\/wp-content\/uploads\/2020\/11\/images-36.jpeg 640w, https:\/\/blogdorogeriogomes.com.br\/noticias\/wp-content\/uploads\/2020\/11\/images-36-300x225.jpeg 300w, https:\/\/blogdorogeriogomes.com.br\/noticias\/wp-content\/uploads\/2020\/11\/images-36-400x300.jpeg 400w\" sizes=\"auto, (max-width: 640px) 100vw, 640px\" \/><\/figure>\n","protected":false},"excerpt":{"rendered":"<p>O Tribunal Superior Eleitoral (TSE) determinou nesta quinta-feira, dia 5 de novembro, em decis\u00e3o un\u00e2nime, que o Estado do Cear\u00e1 ter\u00e1 a presen\u00e7a das For\u00e7as Federais em 10 munic\u00edpios para o dia de vota\u00e7\u00e3o do primeiro turno das elei\u00e7\u00f5es municipais, no domingo do dia 15 de novembro. Fortaleza, Caucaia, Maracana\u00fa, Pacajus, Horizonte e Itaitinga (Regi\u00e3o Metropolitana), Sobral (Regi\u00e3o Norte), Juazeiro do Norte, Crato e Barbalha (Cariri) receber\u00e3o a presen\u00e7a militar para seguran\u00e7a ao longo do fluxo de vota\u00e7\u00e3o. A&hellip;<\/p>\n","protected":false},"author":1,"featured_media":18916,"comment_status":"open","ping_status":"open","sticky":false,"template":"","format":"standard","meta":{"footnotes":""},"categories":[1],"tags":[],"class_list":["post-18915","post","type-post","status-publish","format-standard","has-post-thumbnail","hentry","category-noticias"],"_links":{"self":[{"href":"https:\/\/blogdorogeriogomes.com.br\/noticias\/wp-json\/wp\/v2\/posts\/18915","targetHints":{"allow":["GET"]}}],"collection":[{"href":"https:\/\/blogdorogeriogomes.com.br\/noticias\/wp-json\/wp\/v2\/posts"}],"about":[{"href":"https:\/\/blogdorogeriogomes.com.br\/noticias\/wp-json\/wp\/v2\/types\/post"}],"author":[{"embeddable":true,"href":"https:\/\/blogdorogeriogomes.com.br\/noticias\/wp-json\/wp\/v2\/users\/1"}],"replies":[{"embeddable":true,"href":"https:\/\/blogdorogeriogomes.com.br\/noticias\/wp-json\/wp\/v2\/comments?post=18915"}],"version-history":[{"count":1,"href":"https:\/\/blogdorogeriogomes.com.br\/noticias\/wp-json\/wp\/v2\/posts\/18915\/revisions"}],"predecessor-version":[{"id":18917,"href":"https:\/\/blogdorogeriogomes.com.br\/noticias\/wp-json\/wp\/v2\/posts\/18915\/revisions\/18917"}],"wp:featuredmedia":[{"embeddable":true,"href":"https:\/\/blogdorogeriogomes.com.br\/noticias\/wp-json\/wp\/v2\/media\/18916"}],"wp:attachment":[{"href":"https:\/\/blogdorogeriogomes.com.br\/noticias\/wp-json\/wp\/v2\/media?parent=18915"}],"wp:term":[{"taxonomy":"category","embeddable":true,"href":"https:\/\/blogdorogeriogomes.com.br\/noticias\/wp-json\/wp\/v2\/categories?post=18915"},{"taxonomy":"post_tag","embeddable":true,"href":"https:\/\/blogdorogeriogomes.com.br\/noticias\/wp-json\/wp\/v2\/tags?post=18915"}],"curies":[{"name":"wp","href":"https:\/\/api.w.org\/{rel}","templated":true}]}}