{"id":18934,"date":"2020-11-07T11:09:13","date_gmt":"2020-11-07T11:09:13","guid":{"rendered":"https:\/\/blogdorogeriogomes.com.br\/?p=18934"},"modified":"2020-11-09T10:03:52","modified_gmt":"2020-11-09T10:03:52","slug":"governador-camilo-santana-reafirma-a-participacao-de-capitao-wagner-em-motins-da-pm-apesar-de-video-de-ex-ministro-sergio-moro","status":"publish","type":"post","link":"https:\/\/blogdorogeriogomes.com.br\/noticias\/2020\/11\/governador-camilo-santana-reafirma-a-participacao-de-capitao-wagner-em-motins-da-pm-apesar-de-video-de-ex-ministro-sergio-moro\/","title":{"rendered":"Governador Camilo Santana reafirma a participa\u00e7\u00e3o de Capit\u00e3o Wagner em motins da PM, apesar de v\u00eddeo de ex-ministro S\u00e9rgio Moro"},"content":{"rendered":"\n<p>O ex-ministro da Justi\u00e7a, S\u00e9rgio Moro, resolveu dar um &#8220;pitaco&#8221; nos embates entre o candidato do Pros \u00e0 Prefeitura de Fortaleza, Capit\u00e3o Wagner, e o governador do Cear\u00e1, Camilo Santana, sobre os motins promovidos por policiais militares no Estado durante as paralisa\u00e7\u00f5es ocorridas no in\u00edcio deste ano. Moro gravou um v\u00eddeo utilizado pela campanha de Wagner, onde diz que encontrou o candidato durante as negocia\u00e7\u00f5es para o fim da paralisa\u00e7\u00e3o e que, naquele momento, o objetivo era ajudar a colocar um fim no movimento de PMs.<\/p>\n\n\n\n<p>Ap\u00f3s a divulga\u00e7\u00e3o do v\u00eddeo, Camilo Santana foi \u00e0s redes sociais e voltou a acusar Capit\u00e3o Wagner de ter sido um dos l\u00edderes dos motins da PM. &#8220;J\u00e1 que n\u00e3o consegue esconder sua lideran\u00e7a no motim que trouxe p\u00e2nico ao Cear\u00e1, este ano, Capit\u00e3o Wagner usa outras pessoas para falar por ele, como um ex-ministro e o senador bolsonarista do Cear\u00e1&#8221;, fazendo refer\u00eancia por \u00faltimo ao senador Lu\u00eds Eduardo Gir\u00e3o (Podemos), que \u00e9 aliado do Governo Bolsonaro e coordena a campanha de Capit\u00e3o Wagner \u00e0 Prefeitura de Fortaleza. Na postagem, Camilo disponibilizou um v\u00eddeo de Wagner discursando para os PMs que paralisaram suas atividades nas ruas.<\/p>\n\n\n\n<figure class=\"wp-block-image size-large\"><img loading=\"lazy\" decoding=\"async\" width=\"678\" height=\"452\" src=\"https:\/\/blogdorogeriogomes.com.br\/wp-content\/uploads\/2020\/11\/images-38.jpeg\" alt=\"\" class=\"wp-image-18935\" srcset=\"https:\/\/blogdorogeriogomes.com.br\/noticias\/wp-content\/uploads\/2020\/11\/images-38.jpeg 678w, https:\/\/blogdorogeriogomes.com.br\/noticias\/wp-content\/uploads\/2020\/11\/images-38-300x200.jpeg 300w\" sizes=\"auto, (max-width: 678px) 100vw, 678px\" \/><\/figure>\n","protected":false},"excerpt":{"rendered":"<p>O ex-ministro da Justi\u00e7a, S\u00e9rgio Moro, resolveu dar um &#8220;pitaco&#8221; nos embates entre o candidato do Pros \u00e0 Prefeitura de Fortaleza, Capit\u00e3o Wagner, e o governador do Cear\u00e1, Camilo Santana, sobre os motins promovidos por policiais militares no Estado durante as paralisa\u00e7\u00f5es ocorridas no in\u00edcio deste ano. Moro gravou um v\u00eddeo utilizado pela campanha de Wagner, onde diz que encontrou o candidato durante as negocia\u00e7\u00f5es para o fim da paralisa\u00e7\u00e3o e que, naquele momento, o objetivo era ajudar a&hellip;<\/p>\n","protected":false},"author":1,"featured_media":18935,"comment_status":"open","ping_status":"open","sticky":false,"template":"","format":"standard","meta":{"footnotes":""},"categories":[1],"tags":[],"class_list":["post-18934","post","type-post","status-publish","format-standard","has-post-thumbnail","hentry","category-noticias"],"_links":{"self":[{"href":"https:\/\/blogdorogeriogomes.com.br\/noticias\/wp-json\/wp\/v2\/posts\/18934","targetHints":{"allow":["GET"]}}],"collection":[{"href":"https:\/\/blogdorogeriogomes.com.br\/noticias\/wp-json\/wp\/v2\/posts"}],"about":[{"href":"https:\/\/blogdorogeriogomes.com.br\/noticias\/wp-json\/wp\/v2\/types\/post"}],"author":[{"embeddable":true,"href":"https:\/\/blogdorogeriogomes.com.br\/noticias\/wp-json\/wp\/v2\/users\/1"}],"replies":[{"embeddable":true,"href":"https:\/\/blogdorogeriogomes.com.br\/noticias\/wp-json\/wp\/v2\/comments?post=18934"}],"version-history":[{"count":1,"href":"https:\/\/blogdorogeriogomes.com.br\/noticias\/wp-json\/wp\/v2\/posts\/18934\/revisions"}],"predecessor-version":[{"id":18936,"href":"https:\/\/blogdorogeriogomes.com.br\/noticias\/wp-json\/wp\/v2\/posts\/18934\/revisions\/18936"}],"wp:featuredmedia":[{"embeddable":true,"href":"https:\/\/blogdorogeriogomes.com.br\/noticias\/wp-json\/wp\/v2\/media\/18935"}],"wp:attachment":[{"href":"https:\/\/blogdorogeriogomes.com.br\/noticias\/wp-json\/wp\/v2\/media?parent=18934"}],"wp:term":[{"taxonomy":"category","embeddable":true,"href":"https:\/\/blogdorogeriogomes.com.br\/noticias\/wp-json\/wp\/v2\/categories?post=18934"},{"taxonomy":"post_tag","embeddable":true,"href":"https:\/\/blogdorogeriogomes.com.br\/noticias\/wp-json\/wp\/v2\/tags?post=18934"}],"curies":[{"name":"wp","href":"https:\/\/api.w.org\/{rel}","templated":true}]}}