{"id":18952,"date":"2020-11-09T09:40:56","date_gmt":"2020-11-09T09:40:56","guid":{"rendered":"https:\/\/blogdorogeriogomes.com.br\/?p=18952"},"modified":"2020-11-09T10:02:12","modified_gmt":"2020-11-09T10:02:12","slug":"debate-entre-candidatos-e-marcado-por-acirramentos-entre-sarto-wagner-e-luizianne-lins","status":"publish","type":"post","link":"https:\/\/blogdorogeriogomes.com.br\/noticias\/2020\/11\/debate-entre-candidatos-e-marcado-por-acirramentos-entre-sarto-wagner-e-luizianne-lins\/","title":{"rendered":"Debate entre candidatos \u00e9 marcado por acirramentos entre Sarto, Wagner e Luizianne Lins"},"content":{"rendered":"\n<p>Os candidatos \u00e0 Prefeitura de Fortaleza estiveram na TV Cidade, na noite deste s\u00e1bado, dia 7 de novembro, para participar do \u00fanico debate do primeiro turno realizado em canal aberto. O encontro foi marcado principalmente por duros embates envolvendo os tr\u00eas candidatos de maior inten\u00e7\u00e3o de voto: Capit\u00e3o Wagner (Pros), Jos\u00e9 Sarto (PDT) e Luizianne Lins (PT).<\/p>\n\n\n\n<p>J\u00e1 no in\u00edcio do programa, Wagner escolheu Sarto como alvo de sua primeira pergunta, chamou-o de &#8220;o candidato dos Ferreira Gomes&#8221; e pediu satisfa\u00e7\u00f5es sobre a investiga\u00e7\u00e3o da Pol\u00edcia Federal acerca de suposto uso indevido de verba no hospital de campanha do Est\u00e1dio Presidente Vargas.<\/p>\n\n\n\n<p>Sarto tamb\u00e9m elevou o tom e disse que as acusa\u00e7\u00f5es eram &#8220;uma marmota do governo Bolsonaro&#8221;, al\u00e9m de ressaltar o presidente da Rep\u00fablica como principal apoiador de Wagner. &#8220;A minha origem \u00e9 da sa\u00fade, a sua \u00e9 da viol\u00eancia, a do motim&#8221;, afirmou em resposta.<\/p>\n\n\n\n<p>Luizianne Lins destacou ao longo do debate ter sido alvo de &#8220;ataques mentirosos do candidato dos Ferreira Gomes&#8221;, em cr\u00edtica destinada \u00e0 Sarto, e tamb\u00e9m que &#8220;quem reivindica apoio do Bolsonaro deveria ter vergonha&#8221;, ap\u00f3s perguntas e respostas direto com Capit\u00e3o Wagner. Apesar do posicionamento da petista, Wagner em alguns momentos aproveitou para ressaltar que Luizianne sofrera injusti\u00e7as de Sarto e que teve boas conquistas em sua gest\u00e3o.<\/p>\n\n\n\n<p>As \u00faltimas pesquisas divulgadas apontam probabilidade maior para um segundo turno entre Wagner e Sarto, com Luizianne correndo por fora. Sarto aposta em sua menor rejei\u00e7\u00e3o para buscar superar Wagner caso ocorra o duelo. J\u00e1 Luizianne tenta vencer a maior rejei\u00e7\u00e3o dentre os candidatos para crescer na inten\u00e7\u00e3o de votos. A partir deste domingo, falta exatamente uma semana para o dia de vota\u00e7\u00e3o, no 15 de novembro.<\/p>\n\n\n\n<figure class=\"wp-block-image size-large\"><img loading=\"lazy\" decoding=\"async\" width=\"1024\" height=\"682\" src=\"https:\/\/blogdorogeriogomes.com.br\/wp-content\/uploads\/2020\/11\/debate_candidatos_prefeito_fortaleza__2_-14002064-1024x682.jpg\" alt=\"\" class=\"wp-image-18953\" srcset=\"https:\/\/blogdorogeriogomes.com.br\/noticias\/wp-content\/uploads\/2020\/11\/debate_candidatos_prefeito_fortaleza__2_-14002064-1024x682.jpg 1024w, https:\/\/blogdorogeriogomes.com.br\/noticias\/wp-content\/uploads\/2020\/11\/debate_candidatos_prefeito_fortaleza__2_-14002064-300x200.jpg 300w, https:\/\/blogdorogeriogomes.com.br\/noticias\/wp-content\/uploads\/2020\/11\/debate_candidatos_prefeito_fortaleza__2_-14002064-768x512.jpg 768w, https:\/\/blogdorogeriogomes.com.br\/noticias\/wp-content\/uploads\/2020\/11\/debate_candidatos_prefeito_fortaleza__2_-14002064-1536x1023.jpg 1536w, https:\/\/blogdorogeriogomes.com.br\/noticias\/wp-content\/uploads\/2020\/11\/debate_candidatos_prefeito_fortaleza__2_-14002064-800x533.jpg 800w, https:\/\/blogdorogeriogomes.com.br\/noticias\/wp-content\/uploads\/2020\/11\/debate_candidatos_prefeito_fortaleza__2_-14002064.jpg 1920w\" sizes=\"auto, (max-width: 1024px) 100vw, 1024px\" \/><\/figure>\n","protected":false},"excerpt":{"rendered":"<p>Os candidatos \u00e0 Prefeitura de Fortaleza estiveram na TV Cidade, na noite deste s\u00e1bado, dia 7 de novembro, para participar do \u00fanico debate do primeiro turno realizado em canal aberto. O encontro foi marcado principalmente por duros embates envolvendo os tr\u00eas candidatos de maior inten\u00e7\u00e3o de voto: Capit\u00e3o Wagner (Pros), Jos\u00e9 Sarto (PDT) e Luizianne Lins (PT). J\u00e1 no in\u00edcio do programa, Wagner escolheu Sarto como alvo de sua primeira pergunta, chamou-o de &#8220;o candidato dos Ferreira Gomes&#8221; e&hellip;<\/p>\n","protected":false},"author":1,"featured_media":18953,"comment_status":"open","ping_status":"open","sticky":false,"template":"","format":"standard","meta":{"footnotes":""},"categories":[1],"tags":[],"class_list":["post-18952","post","type-post","status-publish","format-standard","has-post-thumbnail","hentry","category-noticias"],"_links":{"self":[{"href":"https:\/\/blogdorogeriogomes.com.br\/noticias\/wp-json\/wp\/v2\/posts\/18952","targetHints":{"allow":["GET"]}}],"collection":[{"href":"https:\/\/blogdorogeriogomes.com.br\/noticias\/wp-json\/wp\/v2\/posts"}],"about":[{"href":"https:\/\/blogdorogeriogomes.com.br\/noticias\/wp-json\/wp\/v2\/types\/post"}],"author":[{"embeddable":true,"href":"https:\/\/blogdorogeriogomes.com.br\/noticias\/wp-json\/wp\/v2\/users\/1"}],"replies":[{"embeddable":true,"href":"https:\/\/blogdorogeriogomes.com.br\/noticias\/wp-json\/wp\/v2\/comments?post=18952"}],"version-history":[{"count":1,"href":"https:\/\/blogdorogeriogomes.com.br\/noticias\/wp-json\/wp\/v2\/posts\/18952\/revisions"}],"predecessor-version":[{"id":18954,"href":"https:\/\/blogdorogeriogomes.com.br\/noticias\/wp-json\/wp\/v2\/posts\/18952\/revisions\/18954"}],"wp:featuredmedia":[{"embeddable":true,"href":"https:\/\/blogdorogeriogomes.com.br\/noticias\/wp-json\/wp\/v2\/media\/18953"}],"wp:attachment":[{"href":"https:\/\/blogdorogeriogomes.com.br\/noticias\/wp-json\/wp\/v2\/media?parent=18952"}],"wp:term":[{"taxonomy":"category","embeddable":true,"href":"https:\/\/blogdorogeriogomes.com.br\/noticias\/wp-json\/wp\/v2\/categories?post=18952"},{"taxonomy":"post_tag","embeddable":true,"href":"https:\/\/blogdorogeriogomes.com.br\/noticias\/wp-json\/wp\/v2\/tags?post=18952"}],"curies":[{"name":"wp","href":"https:\/\/api.w.org\/{rel}","templated":true}]}}