{"id":18964,"date":"2020-11-09T20:53:42","date_gmt":"2020-11-09T20:53:42","guid":{"rendered":"https:\/\/blogdorogeriogomes.com.br\/?p=18964"},"modified":"2020-11-11T19:07:16","modified_gmt":"2020-11-11T19:07:16","slug":"governo-do-ceara-garante-internet-movel-para-347-mil-alunos-de-escolas-e-universidades-publicas-do-estado","status":"publish","type":"post","link":"https:\/\/blogdorogeriogomes.com.br\/noticias\/2020\/11\/governo-do-ceara-garante-internet-movel-para-347-mil-alunos-de-escolas-e-universidades-publicas-do-estado\/","title":{"rendered":"Governo do Cear\u00e1 garante internet m\u00f3vel para 347 mil alunos de escolas e universidades p\u00fablicas do Estado"},"content":{"rendered":"\n<p>O governador Camilo Santana anunciou, nesta segunda-feira, dia 9 de novembro, a destina\u00e7\u00e3o de chips de dados de internet m\u00f3vel para alunos da rede estadual de ensino p\u00fablico. A a\u00e7\u00e3o beneficiar\u00e1 cerca de 347 mil estudantes dos n\u00edveis Fundamental, M\u00e9dio e Superior com pacote mensal de 20GB para atividades online. O investimento inicial do Estado \u00e9 de R$ 29.415.157,20 para os primeiros seis meses.<\/p>\n\n\n\n<p>Camilo afirma que o objetivo do Governo do Cear\u00e1 e de garantir que os estudantes tenham acesso aos conte\u00fados educativos \u00e0 dist\u00e2ncia em meio ao cen\u00e1rio de pandemia.<\/p>\n\n\n\n<p>&#8220;A gente est\u00e1 criando um programa para que nossos alunos de escolas p\u00fablica do Estado e de baixa renda das universidades possam ter acesso \u00e0 conectividade com um chip 3G\/4G, para garantir o conhecimento e a informa\u00e7\u00e3o&#8221;, destacou. O governador ressalta que a iniciativa ser\u00e1 por um semestre, mas deve ser transformada em uma pol\u00edtica p\u00fablica permanente.<\/p>\n\n\n\n<p>Os pacotes de dados v\u00e3o atender a 338 mil estudantes do 6\u00ba ao 9\u00ba do Ensino Fundamental e 1\u00aa ao 3\u00aa do Ensino M\u00e9dio das escolas p\u00fablicas do Estado, somados a 8.959 alunos de baixa renda que cursam o Ensino Superior nas universidades Estadual do Cear\u00e1 (Uece), Regional do Cariri (Urca) e Estadual Vale do Acara\u00fa (UVA), al\u00e9m do Instituto Centro de Ensino Tecnol\u00f3gico (Centec) e das Faculdades de Tecnologia Centec (Fatec).<\/p>\n\n\n\n<p>A a\u00e7\u00e3o \u00e9 coordenada pela Empresa de Tecnologia da Informa\u00e7\u00e3o do Cear\u00e1 (Etice) e pelas secretarias da Educa\u00e7\u00e3o (Seduc) e Ci\u00eancia, Tecnologia e Educa\u00e7\u00e3o Superior (Secitece). O governo vai enviar para a Assembleia Legislativa o projeto de lei e aguardar que a casa legislativa autorize a distribui\u00e7\u00e3o dos chips, que j\u00e1 est\u00e3o em fase final de licita\u00e7\u00e3o.<\/p>\n\n\n\n<figure class=\"wp-block-image size-large\"><img loading=\"lazy\" decoding=\"async\" width=\"1024\" height=\"684\" src=\"https:\/\/blogdorogeriogomes.com.br\/wp-content\/uploads\/2020\/11\/201109_AQUISICAO-CHIPS-ALUNOS-ESCOLAS-E-UNIVERSIDADES_CGM2687-1200x802-1-1024x684.jpg\" alt=\"\" class=\"wp-image-18965\" srcset=\"https:\/\/blogdorogeriogomes.com.br\/noticias\/wp-content\/uploads\/2020\/11\/201109_AQUISICAO-CHIPS-ALUNOS-ESCOLAS-E-UNIVERSIDADES_CGM2687-1200x802-1-1024x684.jpg 1024w, https:\/\/blogdorogeriogomes.com.br\/noticias\/wp-content\/uploads\/2020\/11\/201109_AQUISICAO-CHIPS-ALUNOS-ESCOLAS-E-UNIVERSIDADES_CGM2687-1200x802-1-300x201.jpg 300w, https:\/\/blogdorogeriogomes.com.br\/noticias\/wp-content\/uploads\/2020\/11\/201109_AQUISICAO-CHIPS-ALUNOS-ESCOLAS-E-UNIVERSIDADES_CGM2687-1200x802-1-768x513.jpg 768w, https:\/\/blogdorogeriogomes.com.br\/noticias\/wp-content\/uploads\/2020\/11\/201109_AQUISICAO-CHIPS-ALUNOS-ESCOLAS-E-UNIVERSIDADES_CGM2687-1200x802-1-800x535.jpg 800w, https:\/\/blogdorogeriogomes.com.br\/noticias\/wp-content\/uploads\/2020\/11\/201109_AQUISICAO-CHIPS-ALUNOS-ESCOLAS-E-UNIVERSIDADES_CGM2687-1200x802-1.jpg 1200w\" sizes=\"auto, (max-width: 1024px) 100vw, 1024px\" \/><\/figure>\n","protected":false},"excerpt":{"rendered":"<p>O governador Camilo Santana anunciou, nesta segunda-feira, dia 9 de novembro, a destina\u00e7\u00e3o de chips de dados de internet m\u00f3vel para alunos da rede estadual de ensino p\u00fablico. A a\u00e7\u00e3o beneficiar\u00e1 cerca de 347 mil estudantes dos n\u00edveis Fundamental, M\u00e9dio e Superior com pacote mensal de 20GB para atividades online. O investimento inicial do Estado \u00e9 de R$ 29.415.157,20 para os primeiros seis meses. Camilo afirma que o objetivo do Governo do Cear\u00e1 e de garantir que os estudantes&hellip;<\/p>\n","protected":false},"author":1,"featured_media":18965,"comment_status":"open","ping_status":"open","sticky":false,"template":"","format":"standard","meta":{"footnotes":""},"categories":[1],"tags":[],"class_list":["post-18964","post","type-post","status-publish","format-standard","has-post-thumbnail","hentry","category-noticias"],"_links":{"self":[{"href":"https:\/\/blogdorogeriogomes.com.br\/noticias\/wp-json\/wp\/v2\/posts\/18964","targetHints":{"allow":["GET"]}}],"collection":[{"href":"https:\/\/blogdorogeriogomes.com.br\/noticias\/wp-json\/wp\/v2\/posts"}],"about":[{"href":"https:\/\/blogdorogeriogomes.com.br\/noticias\/wp-json\/wp\/v2\/types\/post"}],"author":[{"embeddable":true,"href":"https:\/\/blogdorogeriogomes.com.br\/noticias\/wp-json\/wp\/v2\/users\/1"}],"replies":[{"embeddable":true,"href":"https:\/\/blogdorogeriogomes.com.br\/noticias\/wp-json\/wp\/v2\/comments?post=18964"}],"version-history":[{"count":1,"href":"https:\/\/blogdorogeriogomes.com.br\/noticias\/wp-json\/wp\/v2\/posts\/18964\/revisions"}],"predecessor-version":[{"id":18966,"href":"https:\/\/blogdorogeriogomes.com.br\/noticias\/wp-json\/wp\/v2\/posts\/18964\/revisions\/18966"}],"wp:featuredmedia":[{"embeddable":true,"href":"https:\/\/blogdorogeriogomes.com.br\/noticias\/wp-json\/wp\/v2\/media\/18965"}],"wp:attachment":[{"href":"https:\/\/blogdorogeriogomes.com.br\/noticias\/wp-json\/wp\/v2\/media?parent=18964"}],"wp:term":[{"taxonomy":"category","embeddable":true,"href":"https:\/\/blogdorogeriogomes.com.br\/noticias\/wp-json\/wp\/v2\/categories?post=18964"},{"taxonomy":"post_tag","embeddable":true,"href":"https:\/\/blogdorogeriogomes.com.br\/noticias\/wp-json\/wp\/v2\/tags?post=18964"}],"curies":[{"name":"wp","href":"https:\/\/api.w.org\/{rel}","templated":true}]}}