{"id":18967,"date":"2020-11-10T09:20:36","date_gmt":"2020-11-10T09:20:36","guid":{"rendered":"https:\/\/blogdorogeriogomes.com.br\/?p=18967"},"modified":"2020-11-11T19:06:54","modified_gmt":"2020-11-11T19:06:54","slug":"reforma-da-ponte-metalica-sera-iniciada-em-2021-e-tem-prazo-de-seis-meses-para-conclusao","status":"publish","type":"post","link":"https:\/\/blogdorogeriogomes.com.br\/noticias\/2020\/11\/reforma-da-ponte-metalica-sera-iniciada-em-2021-e-tem-prazo-de-seis-meses-para-conclusao\/","title":{"rendered":"Reforma da Ponte Met\u00e1lica ser\u00e1 iniciada em 2021 e tem prazo de seis meses para conclus\u00e3o"},"content":{"rendered":"\n<p>O Governo do Estado vai iniciar as obras de reforma da Ponte dos Ingleses, mais conhecida como Ponte Met\u00e1lica, na Praia de Iracema, em Fortaleza, a partir de janeiro de 2021. O contrato j\u00e1 foi assinado em outubro passado com a construtora Astral, concorrendo com outras seis empresas, que or\u00e7ou&nbsp; a obra em R$ 1 milh\u00e3o e 510 mil reais.&nbsp;<\/p>\n\n\n\n<p>Cart\u00e3o postal de Fortaleza, a Ponte Met\u00e1lica \u00e9 conhecida pela vista deslumbrante. O equipamento est\u00e1 interditado desde 2018 para a visita\u00e7\u00e3o p\u00fablica devido ao avan\u00e7ado estado de degrada\u00e7\u00e3o. A Superintend\u00eancia de Obras P\u00fablicas (SOP) do Governo do Estado estima um prazo de seis meses para a conclus\u00e3o do projeto.<\/p>\n\n\n\n<figure class=\"wp-block-image size-large\"><img loading=\"lazy\" decoding=\"async\" width=\"738\" height=\"415\" src=\"https:\/\/blogdorogeriogomes.com.br\/wp-content\/uploads\/2020\/11\/images-42.jpeg\" alt=\"\" class=\"wp-image-18968\" srcset=\"https:\/\/blogdorogeriogomes.com.br\/noticias\/wp-content\/uploads\/2020\/11\/images-42.jpeg 738w, https:\/\/blogdorogeriogomes.com.br\/noticias\/wp-content\/uploads\/2020\/11\/images-42-300x169.jpeg 300w\" sizes=\"auto, (max-width: 738px) 100vw, 738px\" \/><\/figure>\n","protected":false},"excerpt":{"rendered":"<p>O Governo do Estado vai iniciar as obras de reforma da Ponte dos Ingleses, mais conhecida como Ponte Met\u00e1lica, na Praia de Iracema, em Fortaleza, a partir de janeiro de 2021. O contrato j\u00e1 foi assinado em outubro passado com a construtora Astral, concorrendo com outras seis empresas, que or\u00e7ou&nbsp; a obra em R$ 1 milh\u00e3o e 510 mil reais.&nbsp; Cart\u00e3o postal de Fortaleza, a Ponte Met\u00e1lica \u00e9 conhecida pela vista deslumbrante. O equipamento est\u00e1 interditado desde 2018 para&hellip;<\/p>\n","protected":false},"author":1,"featured_media":18968,"comment_status":"open","ping_status":"open","sticky":false,"template":"","format":"standard","meta":{"footnotes":""},"categories":[1],"tags":[],"class_list":["post-18967","post","type-post","status-publish","format-standard","has-post-thumbnail","hentry","category-noticias"],"_links":{"self":[{"href":"https:\/\/blogdorogeriogomes.com.br\/noticias\/wp-json\/wp\/v2\/posts\/18967","targetHints":{"allow":["GET"]}}],"collection":[{"href":"https:\/\/blogdorogeriogomes.com.br\/noticias\/wp-json\/wp\/v2\/posts"}],"about":[{"href":"https:\/\/blogdorogeriogomes.com.br\/noticias\/wp-json\/wp\/v2\/types\/post"}],"author":[{"embeddable":true,"href":"https:\/\/blogdorogeriogomes.com.br\/noticias\/wp-json\/wp\/v2\/users\/1"}],"replies":[{"embeddable":true,"href":"https:\/\/blogdorogeriogomes.com.br\/noticias\/wp-json\/wp\/v2\/comments?post=18967"}],"version-history":[{"count":2,"href":"https:\/\/blogdorogeriogomes.com.br\/noticias\/wp-json\/wp\/v2\/posts\/18967\/revisions"}],"predecessor-version":[{"id":18991,"href":"https:\/\/blogdorogeriogomes.com.br\/noticias\/wp-json\/wp\/v2\/posts\/18967\/revisions\/18991"}],"wp:featuredmedia":[{"embeddable":true,"href":"https:\/\/blogdorogeriogomes.com.br\/noticias\/wp-json\/wp\/v2\/media\/18968"}],"wp:attachment":[{"href":"https:\/\/blogdorogeriogomes.com.br\/noticias\/wp-json\/wp\/v2\/media?parent=18967"}],"wp:term":[{"taxonomy":"category","embeddable":true,"href":"https:\/\/blogdorogeriogomes.com.br\/noticias\/wp-json\/wp\/v2\/categories?post=18967"},{"taxonomy":"post_tag","embeddable":true,"href":"https:\/\/blogdorogeriogomes.com.br\/noticias\/wp-json\/wp\/v2\/tags?post=18967"}],"curies":[{"name":"wp","href":"https:\/\/api.w.org\/{rel}","templated":true}]}}