{"id":18970,"date":"2020-11-10T09:41:57","date_gmt":"2020-11-10T09:41:57","guid":{"rendered":"https:\/\/blogdorogeriogomes.com.br\/?p=18970"},"modified":"2020-11-11T19:06:41","modified_gmt":"2020-11-11T19:06:41","slug":"na-ultima-semana-da-campanha-eleitoral-padrinhos-politicos-entram-em-campo-para-ajudar-os-seus-candidatos-a-prefeitura-de-fortaleza","status":"publish","type":"post","link":"https:\/\/blogdorogeriogomes.com.br\/noticias\/2020\/11\/na-ultima-semana-da-campanha-eleitoral-padrinhos-politicos-entram-em-campo-para-ajudar-os-seus-candidatos-a-prefeitura-de-fortaleza\/","title":{"rendered":"Na \u00faltima semana da campanha eleitoral, padrinhos pol\u00edticos entram em campo para ajudar os seus candidatos \u00e0 Prefeitura de Fortaleza"},"content":{"rendered":"\n<p>As Elei\u00e7\u00f5es 2020 entram num momento decisivo com a \u00faltima semana de campanha. Em Fortaleza, os padrinhos pol\u00edticos dos candidatos \u00e0 Prefeitura entram em campo para ajudar os seus afilhados. O candidato do PDT, Jos\u00e9 Sarto, recebe o apoio dos irm\u00e3os Cid e Ciro Ferreira Gomes, al\u00e9m do atual prefeito Roberto Cl\u00e1udio, que tem feito o esfor\u00e7o de transferir o legado dos oito anos de gest\u00e3o para a candidatura de Sarto.<\/p>\n\n\n\n<p>Nesta segunda-feira, dia 9 de novembro, a Justi\u00e7a Eleitoral notificou a coliga\u00e7\u00e3o de Jos\u00e9 Sarto sobre o uso indevido da imagem do governador Camilo Santana (PT) na campanha. Camilo \u00e9 aliado pol\u00edtico de Roberto Cl\u00e1udio, mas n\u00e3o pode aparecer na campanha de Sarto porque \u00e9 filiado ao PT. A reclama\u00e7\u00e3o na Justi\u00e7a Eleitoral foi feita pela candidata petista Luizianne Lins e alega que a campanha de Sarto utilizou o jingle de campanha e as publica\u00e7\u00f5es na internet para&nbsp;associar Camilo Santana ao candidato pedetista.<\/p>\n\n\n\n<p>J\u00e1 Capit\u00e3o Wagner, do Pros, recebeu a solidariedade do ex-ministro Sergio Moro na pol\u00eamica envolvendo a sua participa\u00e7\u00e3o no motim da PM no in\u00edcio deste ano. Teve tamb\u00e9m o nome citado em uma live do presidente Jair Bolsonaro, na semana passada. N\u00e3o se sabe se haver\u00e1 mais alguma manifesta\u00e7\u00e3o de Bolsonaro em favor da candidatura at\u00e9 o dia da vota\u00e7\u00e3o no 1\u00b0 turno, que acontece no domingo, dia 15 de novembro. Segundo Ibope e Datafolha, Bolsonaro tem elevado \u00edndice de rejei\u00e7\u00e3o entre eleitores de Fortaleza.<\/p>\n\n\n\n<figure class=\"wp-block-image size-large\"><img loading=\"lazy\" decoding=\"async\" width=\"750\" height=\"499\" src=\"https:\/\/blogdorogeriogomes.com.br\/wp-content\/uploads\/2020\/11\/1_whatsapp_image_2020_10_27_at_19_47_27-13904628.jpeg\" alt=\"\" class=\"wp-image-18971\" srcset=\"https:\/\/blogdorogeriogomes.com.br\/noticias\/wp-content\/uploads\/2020\/11\/1_whatsapp_image_2020_10_27_at_19_47_27-13904628.jpeg 750w, https:\/\/blogdorogeriogomes.com.br\/noticias\/wp-content\/uploads\/2020\/11\/1_whatsapp_image_2020_10_27_at_19_47_27-13904628-300x200.jpeg 300w\" sizes=\"auto, (max-width: 750px) 100vw, 750px\" \/><\/figure>\n","protected":false},"excerpt":{"rendered":"<p>As Elei\u00e7\u00f5es 2020 entram num momento decisivo com a \u00faltima semana de campanha. Em Fortaleza, os padrinhos pol\u00edticos dos candidatos \u00e0 Prefeitura entram em campo para ajudar os seus afilhados. O candidato do PDT, Jos\u00e9 Sarto, recebe o apoio dos irm\u00e3os Cid e Ciro Ferreira Gomes, al\u00e9m do atual prefeito Roberto Cl\u00e1udio, que tem feito o esfor\u00e7o de transferir o legado dos oito anos de gest\u00e3o para a candidatura de Sarto. Nesta segunda-feira, dia 9 de novembro, a Justi\u00e7a&hellip;<\/p>\n","protected":false},"author":1,"featured_media":18971,"comment_status":"open","ping_status":"open","sticky":false,"template":"","format":"standard","meta":{"footnotes":""},"categories":[1],"tags":[],"class_list":["post-18970","post","type-post","status-publish","format-standard","has-post-thumbnail","hentry","category-noticias"],"_links":{"self":[{"href":"https:\/\/blogdorogeriogomes.com.br\/noticias\/wp-json\/wp\/v2\/posts\/18970","targetHints":{"allow":["GET"]}}],"collection":[{"href":"https:\/\/blogdorogeriogomes.com.br\/noticias\/wp-json\/wp\/v2\/posts"}],"about":[{"href":"https:\/\/blogdorogeriogomes.com.br\/noticias\/wp-json\/wp\/v2\/types\/post"}],"author":[{"embeddable":true,"href":"https:\/\/blogdorogeriogomes.com.br\/noticias\/wp-json\/wp\/v2\/users\/1"}],"replies":[{"embeddable":true,"href":"https:\/\/blogdorogeriogomes.com.br\/noticias\/wp-json\/wp\/v2\/comments?post=18970"}],"version-history":[{"count":2,"href":"https:\/\/blogdorogeriogomes.com.br\/noticias\/wp-json\/wp\/v2\/posts\/18970\/revisions"}],"predecessor-version":[{"id":18990,"href":"https:\/\/blogdorogeriogomes.com.br\/noticias\/wp-json\/wp\/v2\/posts\/18970\/revisions\/18990"}],"wp:featuredmedia":[{"embeddable":true,"href":"https:\/\/blogdorogeriogomes.com.br\/noticias\/wp-json\/wp\/v2\/media\/18971"}],"wp:attachment":[{"href":"https:\/\/blogdorogeriogomes.com.br\/noticias\/wp-json\/wp\/v2\/media?parent=18970"}],"wp:term":[{"taxonomy":"category","embeddable":true,"href":"https:\/\/blogdorogeriogomes.com.br\/noticias\/wp-json\/wp\/v2\/categories?post=18970"},{"taxonomy":"post_tag","embeddable":true,"href":"https:\/\/blogdorogeriogomes.com.br\/noticias\/wp-json\/wp\/v2\/tags?post=18970"}],"curies":[{"name":"wp","href":"https:\/\/api.w.org\/{rel}","templated":true}]}}