{"id":18973,"date":"2020-11-10T16:43:26","date_gmt":"2020-11-10T16:43:26","guid":{"rendered":"https:\/\/blogdorogeriogomes.com.br\/?p=18973"},"modified":"2020-11-11T19:06:29","modified_gmt":"2020-11-11T19:06:29","slug":"instituto-butantan-reage-a-suspensao-dos-testes-da-coronavac-pela-anvisa-verdadeira-causa-da-morte-do-voluntario-foi-suicidio","status":"publish","type":"post","link":"https:\/\/blogdorogeriogomes.com.br\/noticias\/2020\/11\/instituto-butantan-reage-a-suspensao-dos-testes-da-coronavac-pela-anvisa-verdadeira-causa-da-morte-do-voluntario-foi-suicidio\/","title":{"rendered":"Instituto Butantan reage a suspens\u00e3o dos testes da CoronaVac pela Anvisa. Verdadeira causa da morte do volunt\u00e1rio foi suic\u00eddio"},"content":{"rendered":"\n<p>Na manh\u00e3 desta ter\u00e7a-feira , dia 10 de novembro, o Instituto Butantan realizou coletiva de imprensa para se posicionar sobre a decis\u00e3o da Ag\u00eancia Nacional de Vigil\u00e2ncia Sanit\u00e1ria (Anvisa) de interromper os testes da vacina contra a Covid-19, a CoronaVac desenvolvida por Butantan e Sinovac Biotech, por suposto caso de morte durante o processo cl\u00ednico. O diretor do Butantan, Dimas Covas, afirmou que o ato da ag\u00eancia reguladora causa indigna\u00e7\u00e3o, al\u00e9m de promover a inseguran\u00e7a. <\/p>\n\n\n\n<p>Na verdade, a causa da morte do volunt\u00e1rio da coronavac foi suic\u00eddio. A informa\u00e7\u00e3o foi divulgada pelo UOL e pelo Estad\u00e3o e confirmada pela TV Globo no in\u00edcio da tarde desta ter\u00e7a-feira.<\/p>\n\n\n\n<p>&#8220;Interromper um estudo cl\u00ednico causa sofrimento, dor e inseguran\u00e7a. Causa dificuldade naqueles que querem ser submetidos ao estudo. N\u00e3o h\u00e1 nenhuma necessidade de se interromper os estudos. A troco de qu\u00ea?&#8221;, disse Dimas.<\/p>\n\n\n\n<p>De acordo com o dirigente, a Anvisa recebeu no dia 6 de novembro a informa\u00e7\u00e3o de que um participante do estudo cl\u00ednico sofreu efeito adverso grave e n\u00e3o relacionado \u00e0 vacina. &#8220;Essa vacina n\u00e3o teve rea\u00e7\u00e3o adversa grave. \u00c9 a vacina mais segura at\u00e9 esse momento&#8221;. O Butantan fez apelo \u00e0 Anvisa para que sejam respeitados crit\u00e9rios t\u00e9cnicos para o prosseguimento dos testes.<\/p>\n\n\n\n<p>O presidente Jair Bolsonaro comemorou a decis\u00e3o da ag\u00eancia de interromper os estudos, e disse que esta \u00e9 &#8220;mais uma que Jair Bolsonaro ganha&#8221;. O chefe executivo ainda criticou o governador de S\u00e3o Paulo, Jo\u00e3o Doria, acusando-o de tentar &#8220;obrigar a todos os paulistanos&#8221; a tomar a vacina.<\/p>\n\n\n\n<p>A declara\u00e7\u00e3o de Bolsonaro gerou revolta entre seus opositores. Para o ex-ministro Ciro Gomes, &#8220;cadeia \u00e9 muito pouco para canalhas que fazem politicagem com vacina, a \u00fanica sa\u00edda para p\u00f4r um ponto final na maior crise de sa\u00fade p\u00fablica e socioecon\u00f4mica da hist\u00f3ria&#8221;.<\/p>\n\n\n\n<p>O governador do Maranh\u00e3o, Fl\u00e1vio Dino, questionou qual seria a vit\u00f3ria de Bolsonaro ap\u00f3s 163 mil mortos pela Covid-19 no Brasil. &#8220;Bolsonaro continua a ser o maior aliado do coronav\u00edrus no nosso pa\u00eds&#8221;, escreveu em seu Twitter.<\/p>\n\n\n\n<figure class=\"wp-block-image size-large\"><img loading=\"lazy\" decoding=\"async\" width=\"667\" height=\"460\" src=\"https:\/\/blogdorogeriogomes.com.br\/wp-content\/uploads\/2020\/11\/images-43.jpeg\" alt=\"\" class=\"wp-image-18974\" srcset=\"https:\/\/blogdorogeriogomes.com.br\/noticias\/wp-content\/uploads\/2020\/11\/images-43.jpeg 667w, https:\/\/blogdorogeriogomes.com.br\/noticias\/wp-content\/uploads\/2020\/11\/images-43-300x207.jpeg 300w\" sizes=\"auto, (max-width: 667px) 100vw, 667px\" \/><\/figure>\n","protected":false},"excerpt":{"rendered":"<p>Na manh\u00e3 desta ter\u00e7a-feira , dia 10 de novembro, o Instituto Butantan realizou coletiva de imprensa para se posicionar sobre a decis\u00e3o da Ag\u00eancia Nacional de Vigil\u00e2ncia Sanit\u00e1ria (Anvisa) de interromper os testes da vacina contra a Covid-19, a CoronaVac desenvolvida por Butantan e Sinovac Biotech, por suposto caso de morte durante o processo cl\u00ednico. O diretor do Butantan, Dimas Covas, afirmou que o ato da ag\u00eancia reguladora causa indigna\u00e7\u00e3o, al\u00e9m de promover a inseguran\u00e7a. Na verdade, a causa&hellip;<\/p>\n","protected":false},"author":1,"featured_media":18974,"comment_status":"open","ping_status":"open","sticky":false,"template":"","format":"standard","meta":{"footnotes":""},"categories":[1],"tags":[],"class_list":["post-18973","post","type-post","status-publish","format-standard","has-post-thumbnail","hentry","category-noticias"],"_links":{"self":[{"href":"https:\/\/blogdorogeriogomes.com.br\/noticias\/wp-json\/wp\/v2\/posts\/18973","targetHints":{"allow":["GET"]}}],"collection":[{"href":"https:\/\/blogdorogeriogomes.com.br\/noticias\/wp-json\/wp\/v2\/posts"}],"about":[{"href":"https:\/\/blogdorogeriogomes.com.br\/noticias\/wp-json\/wp\/v2\/types\/post"}],"author":[{"embeddable":true,"href":"https:\/\/blogdorogeriogomes.com.br\/noticias\/wp-json\/wp\/v2\/users\/1"}],"replies":[{"embeddable":true,"href":"https:\/\/blogdorogeriogomes.com.br\/noticias\/wp-json\/wp\/v2\/comments?post=18973"}],"version-history":[{"count":1,"href":"https:\/\/blogdorogeriogomes.com.br\/noticias\/wp-json\/wp\/v2\/posts\/18973\/revisions"}],"predecessor-version":[{"id":18975,"href":"https:\/\/blogdorogeriogomes.com.br\/noticias\/wp-json\/wp\/v2\/posts\/18973\/revisions\/18975"}],"wp:featuredmedia":[{"embeddable":true,"href":"https:\/\/blogdorogeriogomes.com.br\/noticias\/wp-json\/wp\/v2\/media\/18974"}],"wp:attachment":[{"href":"https:\/\/blogdorogeriogomes.com.br\/noticias\/wp-json\/wp\/v2\/media?parent=18973"}],"wp:term":[{"taxonomy":"category","embeddable":true,"href":"https:\/\/blogdorogeriogomes.com.br\/noticias\/wp-json\/wp\/v2\/categories?post=18973"},{"taxonomy":"post_tag","embeddable":true,"href":"https:\/\/blogdorogeriogomes.com.br\/noticias\/wp-json\/wp\/v2\/tags?post=18973"}],"curies":[{"name":"wp","href":"https:\/\/api.w.org\/{rel}","templated":true}]}}