{"id":18976,"date":"2020-11-10T22:44:03","date_gmt":"2020-11-10T22:44:03","guid":{"rendered":"https:\/\/blogdorogeriogomes.com.br\/?p=18976"},"modified":"2020-11-11T19:06:17","modified_gmt":"2020-11-11T19:06:17","slug":"camilo-santana-e-roberto-claudio-entregam-obras-de-requalificacao-urbana-em-fortaleza","status":"publish","type":"post","link":"https:\/\/blogdorogeriogomes.com.br\/noticias\/2020\/11\/camilo-santana-e-roberto-claudio-entregam-obras-de-requalificacao-urbana-em-fortaleza\/","title":{"rendered":"Camilo Santana e Roberto Cl\u00e1udio entregam obras de requalifica\u00e7\u00e3o urbana em Fortaleza"},"content":{"rendered":"\n<p>O prefeito de Fortaleza, Roberto Cl\u00e1udio, e o governador do Cear\u00e1, Camilo Santana, inauguraram nesta ter\u00e7a-feira, dia 10 de novembro, as obras de urbaniza\u00e7\u00e3o e saneamento de ruas da Comunidade Jardim Gl\u00f3ria, localizada no bairro Cajazeiras, em Fortaleza. A a\u00e7\u00e3o faz parte do programa Juntos por Fortaleza, parceria entre Prefeitura de Fortaleza e Governo do Estado do Cear\u00e1.<\/p>\n\n\n\n<p>As obras entregues hoje foram respons\u00e1veis pela transforma\u00e7\u00e3o de 21 ruas da comunidade e fazem parte do Proinfra (Programa de Infraestrutura em Educa\u00e7\u00e3o e Saneamento de Fortaleza).&nbsp;Com investimento de US$ 150 milh\u00f5es, as obras do Proinfra foram iniciadas em agosto de 2019 pela Secretaria Municipal da Infraestrutura (Seinf) e contemplam, aproximadamente, 30 bairros da Capital.<\/p>\n\n\n\n<p>O programa j\u00e1 teve obras iniciadas em outros bairros da Capital, como Mondubim, Canindezinho, Granja Lisboa, Ancuri, Jangurussu e S\u00e3o Bento.<\/p>\n\n\n\n<p>Para al\u00e9m das obras de drenagem e infraestrutura, o programa tamb\u00e9mp rev\u00ea a constru\u00e7\u00e3o de novos equipamentos de Educa\u00e7\u00e3o, como Escolas de Tempo Integral (ETI), Centros de Educa\u00e7\u00e3o Infantil (CEI) e N\u00facleos de Forma\u00e7\u00e3o Esportiva, com a instala\u00e7\u00e3o de novas Areninhas e o projeto Escola Areninha.<\/p>\n\n\n\n<figure class=\"wp-block-image size-large\"><img loading=\"lazy\" decoding=\"async\" width=\"1024\" height=\"604\" src=\"https:\/\/blogdorogeriogomes.com.br\/wp-content\/uploads\/2020\/11\/IMG-20201110-WA0135-1024x604.jpg\" alt=\"\" class=\"wp-image-18977\" srcset=\"https:\/\/blogdorogeriogomes.com.br\/noticias\/wp-content\/uploads\/2020\/11\/IMG-20201110-WA0135-1024x604.jpg 1024w, https:\/\/blogdorogeriogomes.com.br\/noticias\/wp-content\/uploads\/2020\/11\/IMG-20201110-WA0135-300x177.jpg 300w, https:\/\/blogdorogeriogomes.com.br\/noticias\/wp-content\/uploads\/2020\/11\/IMG-20201110-WA0135-768x453.jpg 768w, https:\/\/blogdorogeriogomes.com.br\/noticias\/wp-content\/uploads\/2020\/11\/IMG-20201110-WA0135-800x472.jpg 800w, https:\/\/blogdorogeriogomes.com.br\/noticias\/wp-content\/uploads\/2020\/11\/IMG-20201110-WA0135.jpg 1280w\" sizes=\"auto, (max-width: 1024px) 100vw, 1024px\" \/><\/figure>\n","protected":false},"excerpt":{"rendered":"<p>O prefeito de Fortaleza, Roberto Cl\u00e1udio, e o governador do Cear\u00e1, Camilo Santana, inauguraram nesta ter\u00e7a-feira, dia 10 de novembro, as obras de urbaniza\u00e7\u00e3o e saneamento de ruas da Comunidade Jardim Gl\u00f3ria, localizada no bairro Cajazeiras, em Fortaleza. A a\u00e7\u00e3o faz parte do programa Juntos por Fortaleza, parceria entre Prefeitura de Fortaleza e Governo do Estado do Cear\u00e1. As obras entregues hoje foram respons\u00e1veis pela transforma\u00e7\u00e3o de 21 ruas da comunidade e fazem parte do Proinfra (Programa de Infraestrutura&hellip;<\/p>\n","protected":false},"author":1,"featured_media":18977,"comment_status":"open","ping_status":"open","sticky":false,"template":"","format":"standard","meta":{"footnotes":""},"categories":[1],"tags":[],"class_list":["post-18976","post","type-post","status-publish","format-standard","has-post-thumbnail","hentry","category-noticias"],"_links":{"self":[{"href":"https:\/\/blogdorogeriogomes.com.br\/noticias\/wp-json\/wp\/v2\/posts\/18976","targetHints":{"allow":["GET"]}}],"collection":[{"href":"https:\/\/blogdorogeriogomes.com.br\/noticias\/wp-json\/wp\/v2\/posts"}],"about":[{"href":"https:\/\/blogdorogeriogomes.com.br\/noticias\/wp-json\/wp\/v2\/types\/post"}],"author":[{"embeddable":true,"href":"https:\/\/blogdorogeriogomes.com.br\/noticias\/wp-json\/wp\/v2\/users\/1"}],"replies":[{"embeddable":true,"href":"https:\/\/blogdorogeriogomes.com.br\/noticias\/wp-json\/wp\/v2\/comments?post=18976"}],"version-history":[{"count":2,"href":"https:\/\/blogdorogeriogomes.com.br\/noticias\/wp-json\/wp\/v2\/posts\/18976\/revisions"}],"predecessor-version":[{"id":18989,"href":"https:\/\/blogdorogeriogomes.com.br\/noticias\/wp-json\/wp\/v2\/posts\/18976\/revisions\/18989"}],"wp:featuredmedia":[{"embeddable":true,"href":"https:\/\/blogdorogeriogomes.com.br\/noticias\/wp-json\/wp\/v2\/media\/18977"}],"wp:attachment":[{"href":"https:\/\/blogdorogeriogomes.com.br\/noticias\/wp-json\/wp\/v2\/media?parent=18976"}],"wp:term":[{"taxonomy":"category","embeddable":true,"href":"https:\/\/blogdorogeriogomes.com.br\/noticias\/wp-json\/wp\/v2\/categories?post=18976"},{"taxonomy":"post_tag","embeddable":true,"href":"https:\/\/blogdorogeriogomes.com.br\/noticias\/wp-json\/wp\/v2\/tags?post=18976"}],"curies":[{"name":"wp","href":"https:\/\/api.w.org\/{rel}","templated":true}]}}