{"id":18982,"date":"2020-11-11T09:54:11","date_gmt":"2020-11-11T09:54:11","guid":{"rendered":"https:\/\/blogdorogeriogomes.com.br\/?p=18982"},"modified":"2020-11-11T19:03:40","modified_gmt":"2020-11-11T19:03:40","slug":"quarta-feira-amanhece-com-chuva-em-todo-o-ceara-cidades-ja-registram-precipitacoes-com-mais-100mm-em-novembro","status":"publish","type":"post","link":"https:\/\/blogdorogeriogomes.com.br\/noticias\/2020\/11\/quarta-feira-amanhece-com-chuva-em-todo-o-ceara-cidades-ja-registram-precipitacoes-com-mais-100mm-em-novembro\/","title":{"rendered":"Quarta-feira amanhece com chuva em todo o Cear\u00e1. Cidades j\u00e1 registram precipita\u00e7\u00f5es com mais 100mm em novembro"},"content":{"rendered":"\n<p>A manh\u00e3 desta quarta-feira, dia 11 de novembro, \u00e9 de chuva em v\u00e1rias regi\u00f5es do Cear\u00e1. Em Fortaleza, as precipita\u00e7\u00f5es come\u00e7aram ainda de madrugada. Munic\u00edpios da Regi\u00e3o Centro-Norte do Estado devem ser os mais beneficiados pelas chuvas ao longo do dia.<\/p>\n\n\n\n<p>Esta j\u00e1 era a previs\u00e3o da Funda\u00e7\u00e3o Cearense de Meteorologia e Recursos H\u00eddricos (Funceme), que alerta para o fato que o Cear\u00e1 j\u00e1 est\u00e1 apresentando chuvas acima de 100 mil\u00edmetros em v\u00e1rias cidades do interior neste m\u00eas de novembro. A quadra chuvosa oficial no Estado s\u00f3 tem in\u00edcio em fevereiro do pr\u00f3ximo ano.<\/p>\n\n\n\n<figure class=\"wp-block-image size-large\"><img loading=\"lazy\" decoding=\"async\" width=\"1024\" height=\"768\" src=\"https:\/\/blogdorogeriogomes.com.br\/wp-content\/uploads\/2020\/11\/IMG_20201111_064518319_HDR-1024x768.jpg\" alt=\"\" class=\"wp-image-18983\" srcset=\"https:\/\/blogdorogeriogomes.com.br\/noticias\/wp-content\/uploads\/2020\/11\/IMG_20201111_064518319_HDR-1024x768.jpg 1024w, https:\/\/blogdorogeriogomes.com.br\/noticias\/wp-content\/uploads\/2020\/11\/IMG_20201111_064518319_HDR-300x225.jpg 300w, https:\/\/blogdorogeriogomes.com.br\/noticias\/wp-content\/uploads\/2020\/11\/IMG_20201111_064518319_HDR-768x576.jpg 768w, https:\/\/blogdorogeriogomes.com.br\/noticias\/wp-content\/uploads\/2020\/11\/IMG_20201111_064518319_HDR-1536x1152.jpg 1536w, https:\/\/blogdorogeriogomes.com.br\/noticias\/wp-content\/uploads\/2020\/11\/IMG_20201111_064518319_HDR-2048x1536.jpg 2048w, https:\/\/blogdorogeriogomes.com.br\/noticias\/wp-content\/uploads\/2020\/11\/IMG_20201111_064518319_HDR-800x600.jpg 800w, https:\/\/blogdorogeriogomes.com.br\/noticias\/wp-content\/uploads\/2020\/11\/IMG_20201111_064518319_HDR-400x300.jpg 400w\" sizes=\"auto, (max-width: 1024px) 100vw, 1024px\" \/><\/figure>\n","protected":false},"excerpt":{"rendered":"<p>A manh\u00e3 desta quarta-feira, dia 11 de novembro, \u00e9 de chuva em v\u00e1rias regi\u00f5es do Cear\u00e1. Em Fortaleza, as precipita\u00e7\u00f5es come\u00e7aram ainda de madrugada. Munic\u00edpios da Regi\u00e3o Centro-Norte do Estado devem ser os mais beneficiados pelas chuvas ao longo do dia. Esta j\u00e1 era a previs\u00e3o da Funda\u00e7\u00e3o Cearense de Meteorologia e Recursos H\u00eddricos (Funceme), que alerta para o fato que o Cear\u00e1 j\u00e1 est\u00e1 apresentando chuvas acima de 100 mil\u00edmetros em v\u00e1rias cidades do interior neste m\u00eas de&hellip;<\/p>\n","protected":false},"author":1,"featured_media":18983,"comment_status":"open","ping_status":"open","sticky":false,"template":"","format":"standard","meta":{"footnotes":""},"categories":[1],"tags":[],"class_list":["post-18982","post","type-post","status-publish","format-standard","has-post-thumbnail","hentry","category-noticias"],"_links":{"self":[{"href":"https:\/\/blogdorogeriogomes.com.br\/noticias\/wp-json\/wp\/v2\/posts\/18982","targetHints":{"allow":["GET"]}}],"collection":[{"href":"https:\/\/blogdorogeriogomes.com.br\/noticias\/wp-json\/wp\/v2\/posts"}],"about":[{"href":"https:\/\/blogdorogeriogomes.com.br\/noticias\/wp-json\/wp\/v2\/types\/post"}],"author":[{"embeddable":true,"href":"https:\/\/blogdorogeriogomes.com.br\/noticias\/wp-json\/wp\/v2\/users\/1"}],"replies":[{"embeddable":true,"href":"https:\/\/blogdorogeriogomes.com.br\/noticias\/wp-json\/wp\/v2\/comments?post=18982"}],"version-history":[{"count":1,"href":"https:\/\/blogdorogeriogomes.com.br\/noticias\/wp-json\/wp\/v2\/posts\/18982\/revisions"}],"predecessor-version":[{"id":18984,"href":"https:\/\/blogdorogeriogomes.com.br\/noticias\/wp-json\/wp\/v2\/posts\/18982\/revisions\/18984"}],"wp:featuredmedia":[{"embeddable":true,"href":"https:\/\/blogdorogeriogomes.com.br\/noticias\/wp-json\/wp\/v2\/media\/18983"}],"wp:attachment":[{"href":"https:\/\/blogdorogeriogomes.com.br\/noticias\/wp-json\/wp\/v2\/media?parent=18982"}],"wp:term":[{"taxonomy":"category","embeddable":true,"href":"https:\/\/blogdorogeriogomes.com.br\/noticias\/wp-json\/wp\/v2\/categories?post=18982"},{"taxonomy":"post_tag","embeddable":true,"href":"https:\/\/blogdorogeriogomes.com.br\/noticias\/wp-json\/wp\/v2\/tags?post=18982"}],"curies":[{"name":"wp","href":"https:\/\/api.w.org\/{rel}","templated":true}]}}