{"id":19020,"date":"2020-11-13T16:06:21","date_gmt":"2020-11-13T16:06:21","guid":{"rendered":"https:\/\/blogdorogeriogomes.com.br\/?p=19020"},"modified":"2020-11-16T12:56:52","modified_gmt":"2020-11-16T12:56:52","slug":"lei-seca-nao-sera-adotada-nas-eleicoes-municipais-de-fortaleza-divulga-tre-ce","status":"publish","type":"post","link":"https:\/\/blogdorogeriogomes.com.br\/noticias\/2020\/11\/lei-seca-nao-sera-adotada-nas-eleicoes-municipais-de-fortaleza-divulga-tre-ce\/","title":{"rendered":"Lei Seca n\u00e3o ser\u00e1 adotada nas elei\u00e7\u00f5es municipais de Fortaleza, divulga TRE-CE"},"content":{"rendered":"\n<p>O Tribunal Regional Eleitoral do Estado do Cear\u00e1 (TRE-CE) comunicou nesta sexta-feira que Fortaleza n\u00e3o vai aderir \u00e0 proibi\u00e7\u00e3o de consumo e venda de bebidas alco\u00f3licas durante a realiza\u00e7\u00e3o do primeiro turno elei\u00e7\u00f5es municipais, no pr\u00f3ximo domingo, dia 15 de novembro. A decis\u00e3o parte dos ju\u00edzes das 17 Zonas Eleitorais da Capital. Por parte do Governo do Cear\u00e1, a Secretaria da Seguran\u00e7a P\u00fablica e Defesa Social tamb\u00e9m n\u00e3o editar\u00e1 portaria a fim de proibir bebidas.<\/p>\n\n\n\n<p>No Estado, 23 munic\u00edpios cumprir\u00e3o a Lei Seca. Caucaia, Maracana\u00fa, Sobral, Crato, Juazeiro do Norte e Itapipoca ainda n\u00e3o decidiram sobre a proibi\u00e7\u00e3o.<br>Nas localidades em que estar\u00e1 vigente a Lei Seca, n\u00e3o ser\u00e1 poss\u00edvel a compra de bebidas alco\u00f3licas a partir das 0h (23h em Beberibe) deste s\u00e1bado, seguindo a medida at\u00e9 \u00e0s 0h da segunda-feira.<\/p>\n\n\n\n<figure class=\"wp-block-image size-large\"><img loading=\"lazy\" decoding=\"async\" width=\"984\" height=\"656\" src=\"https:\/\/blogdorogeriogomes.com.br\/wp-content\/uploads\/2020\/11\/bebida-alcoolica.jpg\" alt=\"\" class=\"wp-image-19021\" srcset=\"https:\/\/blogdorogeriogomes.com.br\/noticias\/wp-content\/uploads\/2020\/11\/bebida-alcoolica.jpg 984w, https:\/\/blogdorogeriogomes.com.br\/noticias\/wp-content\/uploads\/2020\/11\/bebida-alcoolica-300x200.jpg 300w, https:\/\/blogdorogeriogomes.com.br\/noticias\/wp-content\/uploads\/2020\/11\/bebida-alcoolica-768x512.jpg 768w, https:\/\/blogdorogeriogomes.com.br\/noticias\/wp-content\/uploads\/2020\/11\/bebida-alcoolica-800x533.jpg 800w\" sizes=\"auto, (max-width: 984px) 100vw, 984px\" \/><\/figure>\n","protected":false},"excerpt":{"rendered":"<p>O Tribunal Regional Eleitoral do Estado do Cear\u00e1 (TRE-CE) comunicou nesta sexta-feira que Fortaleza n\u00e3o vai aderir \u00e0 proibi\u00e7\u00e3o de consumo e venda de bebidas alco\u00f3licas durante a realiza\u00e7\u00e3o do primeiro turno elei\u00e7\u00f5es municipais, no pr\u00f3ximo domingo, dia 15 de novembro. A decis\u00e3o parte dos ju\u00edzes das 17 Zonas Eleitorais da Capital. Por parte do Governo do Cear\u00e1, a Secretaria da Seguran\u00e7a P\u00fablica e Defesa Social tamb\u00e9m n\u00e3o editar\u00e1 portaria a fim de proibir bebidas. No Estado, 23 munic\u00edpios&hellip;<\/p>\n","protected":false},"author":1,"featured_media":19021,"comment_status":"open","ping_status":"open","sticky":false,"template":"","format":"standard","meta":{"footnotes":""},"categories":[1],"tags":[],"class_list":["post-19020","post","type-post","status-publish","format-standard","has-post-thumbnail","hentry","category-noticias"],"_links":{"self":[{"href":"https:\/\/blogdorogeriogomes.com.br\/noticias\/wp-json\/wp\/v2\/posts\/19020","targetHints":{"allow":["GET"]}}],"collection":[{"href":"https:\/\/blogdorogeriogomes.com.br\/noticias\/wp-json\/wp\/v2\/posts"}],"about":[{"href":"https:\/\/blogdorogeriogomes.com.br\/noticias\/wp-json\/wp\/v2\/types\/post"}],"author":[{"embeddable":true,"href":"https:\/\/blogdorogeriogomes.com.br\/noticias\/wp-json\/wp\/v2\/users\/1"}],"replies":[{"embeddable":true,"href":"https:\/\/blogdorogeriogomes.com.br\/noticias\/wp-json\/wp\/v2\/comments?post=19020"}],"version-history":[{"count":1,"href":"https:\/\/blogdorogeriogomes.com.br\/noticias\/wp-json\/wp\/v2\/posts\/19020\/revisions"}],"predecessor-version":[{"id":19022,"href":"https:\/\/blogdorogeriogomes.com.br\/noticias\/wp-json\/wp\/v2\/posts\/19020\/revisions\/19022"}],"wp:featuredmedia":[{"embeddable":true,"href":"https:\/\/blogdorogeriogomes.com.br\/noticias\/wp-json\/wp\/v2\/media\/19021"}],"wp:attachment":[{"href":"https:\/\/blogdorogeriogomes.com.br\/noticias\/wp-json\/wp\/v2\/media?parent=19020"}],"wp:term":[{"taxonomy":"category","embeddable":true,"href":"https:\/\/blogdorogeriogomes.com.br\/noticias\/wp-json\/wp\/v2\/categories?post=19020"},{"taxonomy":"post_tag","embeddable":true,"href":"https:\/\/blogdorogeriogomes.com.br\/noticias\/wp-json\/wp\/v2\/tags?post=19020"}],"curies":[{"name":"wp","href":"https:\/\/api.w.org\/{rel}","templated":true}]}}