{"id":19027,"date":"2020-11-13T23:42:19","date_gmt":"2020-11-13T23:42:19","guid":{"rendered":"https:\/\/blogdorogeriogomes.com.br\/?p=19027"},"modified":"2020-11-16T12:56:04","modified_gmt":"2020-11-16T12:56:04","slug":"disputa-eleitoral-no-cariri-tem-cenarios-de-folga-e-acirramento-nas-maiores-cidades","status":"publish","type":"post","link":"https:\/\/blogdorogeriogomes.com.br\/noticias\/2020\/11\/disputa-eleitoral-no-cariri-tem-cenarios-de-folga-e-acirramento-nas-maiores-cidades\/","title":{"rendered":"Disputa eleitoral no Cariri tem cen\u00e1rios de folga e acirramento nas maiores cidades"},"content":{"rendered":"\n<p>As pesquisas eleitorais na reta final da campanha pol\u00edtica na Regi\u00e3o do Cariri, no interior do Cear\u00e1, mostram cen\u00e1rios de folga e acirramento. Em Juazeiro do Norte, o Ibope revela que o prefeito e candidato \u00e0 reelei\u00e7\u00e3o, Arnon Bezerra (PTB), abriu vantagem na primeira coloca\u00e7\u00e3o. Ele soma 38%, seguido de Gl\u00eadson Bezerra (Podemos) com 26%; Nelinho (PSDB): com 21%; Ana Paula Cruz (PSB) com 6%; e Demontieux Fernandes (Psol) somando 2%.<br>J\u00e1 em Barbalha, a disputa est\u00e1 acirrada entre os candidatos Argemiro Sampaio (PSDB) e Dr. Guilherme (PDT), que est\u00e3o empatados em 46% na pesquisa de inten\u00e7\u00e3o de voto do Ibope.<br>No Crato, segundo o Ibope, Z\u00e9 A\u00edlton Brasil (PT) lidera com 44%. Em segundo vem Doutor Alo\u00edsio (Pros), com 18%; Arthur de Z\u00e9 Adega (PSL) tem 17% e Professora Zuleide Queiroz (Psol) soma 11%.<\/p>\n\n\n\n<figure class=\"wp-block-image size-large\"><img loading=\"lazy\" decoding=\"async\" width=\"600\" height=\"366\" src=\"https:\/\/blogdorogeriogomes.com.br\/wp-content\/uploads\/2020\/11\/images-6.jpeg\" alt=\"\" class=\"wp-image-19028\" srcset=\"https:\/\/blogdorogeriogomes.com.br\/noticias\/wp-content\/uploads\/2020\/11\/images-6.jpeg 600w, https:\/\/blogdorogeriogomes.com.br\/noticias\/wp-content\/uploads\/2020\/11\/images-6-300x183.jpeg 300w\" sizes=\"auto, (max-width: 600px) 100vw, 600px\" \/><\/figure>\n","protected":false},"excerpt":{"rendered":"<p>As pesquisas eleitorais na reta final da campanha pol\u00edtica na Regi\u00e3o do Cariri, no interior do Cear\u00e1, mostram cen\u00e1rios de folga e acirramento. Em Juazeiro do Norte, o Ibope revela que o prefeito e candidato \u00e0 reelei\u00e7\u00e3o, Arnon Bezerra (PTB), abriu vantagem na primeira coloca\u00e7\u00e3o. Ele soma 38%, seguido de Gl\u00eadson Bezerra (Podemos) com 26%; Nelinho (PSDB): com 21%; Ana Paula Cruz (PSB) com 6%; e Demontieux Fernandes (Psol) somando 2%.J\u00e1 em Barbalha, a disputa est\u00e1 acirrada entre os&hellip;<\/p>\n","protected":false},"author":1,"featured_media":19028,"comment_status":"open","ping_status":"open","sticky":false,"template":"","format":"standard","meta":{"footnotes":""},"categories":[1],"tags":[],"class_list":["post-19027","post","type-post","status-publish","format-standard","has-post-thumbnail","hentry","category-noticias"],"_links":{"self":[{"href":"https:\/\/blogdorogeriogomes.com.br\/noticias\/wp-json\/wp\/v2\/posts\/19027","targetHints":{"allow":["GET"]}}],"collection":[{"href":"https:\/\/blogdorogeriogomes.com.br\/noticias\/wp-json\/wp\/v2\/posts"}],"about":[{"href":"https:\/\/blogdorogeriogomes.com.br\/noticias\/wp-json\/wp\/v2\/types\/post"}],"author":[{"embeddable":true,"href":"https:\/\/blogdorogeriogomes.com.br\/noticias\/wp-json\/wp\/v2\/users\/1"}],"replies":[{"embeddable":true,"href":"https:\/\/blogdorogeriogomes.com.br\/noticias\/wp-json\/wp\/v2\/comments?post=19027"}],"version-history":[{"count":1,"href":"https:\/\/blogdorogeriogomes.com.br\/noticias\/wp-json\/wp\/v2\/posts\/19027\/revisions"}],"predecessor-version":[{"id":19029,"href":"https:\/\/blogdorogeriogomes.com.br\/noticias\/wp-json\/wp\/v2\/posts\/19027\/revisions\/19029"}],"wp:featuredmedia":[{"embeddable":true,"href":"https:\/\/blogdorogeriogomes.com.br\/noticias\/wp-json\/wp\/v2\/media\/19028"}],"wp:attachment":[{"href":"https:\/\/blogdorogeriogomes.com.br\/noticias\/wp-json\/wp\/v2\/media?parent=19027"}],"wp:term":[{"taxonomy":"category","embeddable":true,"href":"https:\/\/blogdorogeriogomes.com.br\/noticias\/wp-json\/wp\/v2\/categories?post=19027"},{"taxonomy":"post_tag","embeddable":true,"href":"https:\/\/blogdorogeriogomes.com.br\/noticias\/wp-json\/wp\/v2\/tags?post=19027"}],"curies":[{"name":"wp","href":"https:\/\/api.w.org\/{rel}","templated":true}]}}