{"id":19033,"date":"2020-11-14T18:26:16","date_gmt":"2020-11-14T18:26:16","guid":{"rendered":"https:\/\/blogdorogeriogomes.com.br\/?p=19033"},"modified":"2020-11-16T12:55:33","modified_gmt":"2020-11-16T12:55:33","slug":"entre-agendas-de-rua-e-virtuais-candidatos-a-prefeitura-de-fortaleza-encerram-ultimo-dia-de-campanha","status":"publish","type":"post","link":"https:\/\/blogdorogeriogomes.com.br\/noticias\/2020\/11\/entre-agendas-de-rua-e-virtuais-candidatos-a-prefeitura-de-fortaleza-encerram-ultimo-dia-de-campanha\/","title":{"rendered":"Entre agendas de rua e virtuais, candidatos \u00e0 Prefeitura de Fortaleza encerram \u00faltimo dia de campanha"},"content":{"rendered":"\n<p>Neste s\u00e1bado, dia 14 de novembro, que precede o dia de vota\u00e7\u00e3o das elei\u00e7\u00f5es municipais, os principais candidatos postulantes \u00e0 Prefeitura de Fortaleza investiram em atividades distintas para o desfecho de suas campanhas.<\/p>\n\n\n\n<p>Apoiado pela atual gest\u00e3o municipal, Jos\u00e9 Sarto (PDT), na foto, cumpriu agenda no Centro da Capital pela manh\u00e3. Esteve acompanhado do prefeito Roberto Cl\u00e1udio e de seu candidato \u00e0 vice-prefeito, \u00c9lcio Batista. Sarto conversou com eleitores na Pastelaria Le\u00e3o do Sul, na Pra\u00e7a do Ferreira e, na sequ\u00eancia, foi ao Bar Raimundo do Queijo. Foi o momento final de se apresentar para a popula\u00e7\u00e3o como um sucessor pertencente ao grupo pol\u00edtico de Roberto Cl\u00e1udio e dos Ferreira Gomes.<\/p>\n\n\n\n<p>J\u00e1 Capit\u00e3o Wagner (Pros) optou pela realiza\u00e7\u00e3o de encontro virtual para a v\u00e9spera do primeiro turno. O candidato realizou na tarde deste s\u00e1bado uma live, transmitida por Facebook e Instagram, com o tema Frente Ampla em Defesa da Vida e da Fam\u00edlia, com a participa\u00e7\u00e3o de parlamentares que apoiam a sua campanha, como os deputados estaduais Andr\u00e9 Fernandes (Republicanos) e Dra. Silvana (PL), e o deputado federal Ronaldo Martins (Republicanos).<\/p>\n\n\n\n<p>Luizianne Lins (PT) tamb\u00e9m esteve no Centro de Fortaleza, na Pra\u00e7a do Ferreira, para atividades junto a apoiadores. A candidata chegou com o seu fusca vermelho e divulgou fotos do eleitorado com o ve\u00edculo em suas redes sociais. A candidata tamb\u00e9m aproveitou para visitar o Passeio P\u00fablico, onde destacou que em sua gest\u00e3o o equipamento foi restaurado e entregue com nova estrutura para a popula\u00e7\u00e3o.<\/p>\n\n\n\n<p>A \u00faltima pesquisa Ibope para prefeito de Fortaleza, divulgada neste s\u00e1bado, aponta para a maior possibilidade de segundo turno entre Jos\u00e9 Sarto e Capit\u00e3o Wagner. De acordo com o instituto, o pedetista tem 32% dos votos v\u00e1lidos, seguido do candidato do Pros, com 30%. Luizianne est\u00e1 com 20%.<\/p>\n\n\n\n<figure class=\"wp-block-image size-large\"><img loading=\"lazy\" decoding=\"async\" width=\"1024\" height=\"682\" src=\"https:\/\/blogdorogeriogomes.com.br\/wp-content\/uploads\/2020\/11\/IMG-20201114-WA0111-1024x682.jpg\" alt=\"\" class=\"wp-image-19034\" srcset=\"https:\/\/blogdorogeriogomes.com.br\/noticias\/wp-content\/uploads\/2020\/11\/IMG-20201114-WA0111-1024x682.jpg 1024w, https:\/\/blogdorogeriogomes.com.br\/noticias\/wp-content\/uploads\/2020\/11\/IMG-20201114-WA0111-300x200.jpg 300w, https:\/\/blogdorogeriogomes.com.br\/noticias\/wp-content\/uploads\/2020\/11\/IMG-20201114-WA0111-768x512.jpg 768w, https:\/\/blogdorogeriogomes.com.br\/noticias\/wp-content\/uploads\/2020\/11\/IMG-20201114-WA0111-800x533.jpg 800w, https:\/\/blogdorogeriogomes.com.br\/noticias\/wp-content\/uploads\/2020\/11\/IMG-20201114-WA0111.jpg 1280w\" sizes=\"auto, (max-width: 1024px) 100vw, 1024px\" \/><\/figure>\n","protected":false},"excerpt":{"rendered":"<p>Neste s\u00e1bado, dia 14 de novembro, que precede o dia de vota\u00e7\u00e3o das elei\u00e7\u00f5es municipais, os principais candidatos postulantes \u00e0 Prefeitura de Fortaleza investiram em atividades distintas para o desfecho de suas campanhas. Apoiado pela atual gest\u00e3o municipal, Jos\u00e9 Sarto (PDT), na foto, cumpriu agenda no Centro da Capital pela manh\u00e3. Esteve acompanhado do prefeito Roberto Cl\u00e1udio e de seu candidato \u00e0 vice-prefeito, \u00c9lcio Batista. Sarto conversou com eleitores na Pastelaria Le\u00e3o do Sul, na Pra\u00e7a do Ferreira e,&hellip;<\/p>\n","protected":false},"author":1,"featured_media":19034,"comment_status":"open","ping_status":"open","sticky":false,"template":"","format":"standard","meta":{"footnotes":""},"categories":[1],"tags":[],"class_list":["post-19033","post","type-post","status-publish","format-standard","has-post-thumbnail","hentry","category-noticias"],"_links":{"self":[{"href":"https:\/\/blogdorogeriogomes.com.br\/noticias\/wp-json\/wp\/v2\/posts\/19033","targetHints":{"allow":["GET"]}}],"collection":[{"href":"https:\/\/blogdorogeriogomes.com.br\/noticias\/wp-json\/wp\/v2\/posts"}],"about":[{"href":"https:\/\/blogdorogeriogomes.com.br\/noticias\/wp-json\/wp\/v2\/types\/post"}],"author":[{"embeddable":true,"href":"https:\/\/blogdorogeriogomes.com.br\/noticias\/wp-json\/wp\/v2\/users\/1"}],"replies":[{"embeddable":true,"href":"https:\/\/blogdorogeriogomes.com.br\/noticias\/wp-json\/wp\/v2\/comments?post=19033"}],"version-history":[{"count":1,"href":"https:\/\/blogdorogeriogomes.com.br\/noticias\/wp-json\/wp\/v2\/posts\/19033\/revisions"}],"predecessor-version":[{"id":19035,"href":"https:\/\/blogdorogeriogomes.com.br\/noticias\/wp-json\/wp\/v2\/posts\/19033\/revisions\/19035"}],"wp:featuredmedia":[{"embeddable":true,"href":"https:\/\/blogdorogeriogomes.com.br\/noticias\/wp-json\/wp\/v2\/media\/19034"}],"wp:attachment":[{"href":"https:\/\/blogdorogeriogomes.com.br\/noticias\/wp-json\/wp\/v2\/media?parent=19033"}],"wp:term":[{"taxonomy":"category","embeddable":true,"href":"https:\/\/blogdorogeriogomes.com.br\/noticias\/wp-json\/wp\/v2\/categories?post=19033"},{"taxonomy":"post_tag","embeddable":true,"href":"https:\/\/blogdorogeriogomes.com.br\/noticias\/wp-json\/wp\/v2\/tags?post=19033"}],"curies":[{"name":"wp","href":"https:\/\/api.w.org\/{rel}","templated":true}]}}