{"id":19039,"date":"2020-11-15T17:53:07","date_gmt":"2020-11-15T17:53:07","guid":{"rendered":"https:\/\/blogdorogeriogomes.com.br\/?p=19039"},"modified":"2020-11-16T12:55:02","modified_gmt":"2020-11-16T12:55:02","slug":"candidatos-a-prefeitura-de-fortaleza-votam-e-mantem-confianca-em-ir-para-o-segundo-turno","status":"publish","type":"post","link":"https:\/\/blogdorogeriogomes.com.br\/noticias\/2020\/11\/candidatos-a-prefeitura-de-fortaleza-votam-e-mantem-confianca-em-ir-para-o-segundo-turno\/","title":{"rendered":"Candidatos \u00e0 Prefeitura de Fortaleza votam e mant\u00eam confian\u00e7a em ir para o segundo turno"},"content":{"rendered":"\n<p>Principais concorrentes na disputa eleitoral para a Prefeitura de Fortaleza, Jos\u00e9 Sarto (PDT), Capit\u00e3o Wagner (Pros) e Luizianne Lins (PT) foram \u00e0s urnas neste dia de vota\u00e7\u00e3o na Capital. Os candidatos estiveram juntos a familiares e apoiadores de suas respectivas chapas, afirmando com otimismo a possibilidade de disputarem o segundo turno.<br>Sarto compareceu ao local de vota\u00e7\u00e3o na&nbsp;Associa\u00e7\u00e3o de Pais e Amigos dos Excepcionais (APAE), no bairro Luciano Cavalcante, logo pela manh\u00e3, acompanhado da fam\u00edlia, do candidato \u00e0 vice da legenda, Elcio Batista, e do prefeito Roberto Cl\u00e1udio. \u00c0 frente das \u00faltimas pesquisas de inten\u00e7\u00e3o de votos, o pedetista se disse otimista para a sucess\u00e3o ao Pa\u00e7o. &#8220;A nossa&nbsp;campanha&nbsp;\u00e9 da paz, campanha de alegria, uma campanha que est\u00e1 levando esperan\u00e7a ao povo de Fortaleza&#8221;, disse.<br>Capit\u00e3o Wagner votou tamb\u00e9m pela manh\u00e3 no Col\u00e9gio Maximus, no bairro Parquel\u00e2ndia, a poucas quadras de sua resid\u00eancia. Acompanhado de familiares e eleitorado, o candidato do Pros afirmou que tem confian\u00e7a na vit\u00f3ria. &#8220;A gente tem esperan\u00e7a de ter ao final do dia um&nbsp;resultado ainda melhor do que se imagina\u201c, afirmou. Wagner est\u00e1 indicado pelas \u00faltimas pesquisas para o poss\u00edvel segundo turno com Sarto. Ap\u00f3s votar, ele acompanhou a vota\u00e7\u00e3o do senador Lu\u00eds Eduardo Gir\u00e3o (Podemos) no Mucuripe.<br>Luizianne Lins votou no in\u00edcio da tarde, na Assembleia Legislativa do Cear\u00e1. A petista esteve acompanhada do deputado federal&nbsp;Jos\u00e9 Guimar\u00e3es&nbsp;e do candidato \u00e0 vice-prefeito,&nbsp;Vladyson Viana. Em terceiro lugar na inten\u00e7\u00e3o de votos, Luizianne garante que n\u00e3o desanima e tem a convic\u00e7\u00e3o de que estar\u00e1 na disputa final. \u201cN\u00e3o me perguntem quem acho melhor ir para o segundo turno ou quem eu vou&nbsp;apoiar&nbsp;caso n\u00e3o for. Eu n\u00e3o considero essa possibilidade&#8221;.<br>Disputado pelos candidatos Sarto e Luizianne ao longo da campanha, o governador Camilo Santana (PT) votou em Barbalha, e apoiou candidatos de sua base no Cariri.<\/p>\n\n\n\n<figure class=\"wp-block-image size-large\"><img loading=\"lazy\" decoding=\"async\" width=\"1024\" height=\"694\" src=\"https:\/\/blogdorogeriogomes.com.br\/wp-content\/uploads\/2020\/11\/IMG_20201115_144055_292-1024x694.jpg\" alt=\"\" class=\"wp-image-19040\" srcset=\"https:\/\/blogdorogeriogomes.com.br\/noticias\/wp-content\/uploads\/2020\/11\/IMG_20201115_144055_292-1024x694.jpg 1024w, https:\/\/blogdorogeriogomes.com.br\/noticias\/wp-content\/uploads\/2020\/11\/IMG_20201115_144055_292-300x203.jpg 300w, https:\/\/blogdorogeriogomes.com.br\/noticias\/wp-content\/uploads\/2020\/11\/IMG_20201115_144055_292-768x521.jpg 768w, https:\/\/blogdorogeriogomes.com.br\/noticias\/wp-content\/uploads\/2020\/11\/IMG_20201115_144055_292-800x542.jpg 800w, https:\/\/blogdorogeriogomes.com.br\/noticias\/wp-content\/uploads\/2020\/11\/IMG_20201115_144055_292.jpg 1080w\" sizes=\"auto, (max-width: 1024px) 100vw, 1024px\" \/><\/figure>\n\n\n\n<figure class=\"wp-block-image size-large\"><img loading=\"lazy\" decoding=\"async\" width=\"1006\" height=\"681\" src=\"https:\/\/blogdorogeriogomes.com.br\/wp-content\/uploads\/2020\/11\/IMG_20201115_144055_290.jpg\" alt=\"\" class=\"wp-image-19041\" srcset=\"https:\/\/blogdorogeriogomes.com.br\/noticias\/wp-content\/uploads\/2020\/11\/IMG_20201115_144055_290.jpg 1006w, https:\/\/blogdorogeriogomes.com.br\/noticias\/wp-content\/uploads\/2020\/11\/IMG_20201115_144055_290-300x203.jpg 300w, https:\/\/blogdorogeriogomes.com.br\/noticias\/wp-content\/uploads\/2020\/11\/IMG_20201115_144055_290-768x520.jpg 768w, https:\/\/blogdorogeriogomes.com.br\/noticias\/wp-content\/uploads\/2020\/11\/IMG_20201115_144055_290-800x542.jpg 800w\" sizes=\"auto, (max-width: 1006px) 100vw, 1006px\" \/><\/figure>\n\n\n\n<figure class=\"wp-block-image size-large\"><img loading=\"lazy\" decoding=\"async\" width=\"750\" height=\"563\" src=\"https:\/\/blogdorogeriogomes.com.br\/wp-content\/uploads\/2020\/11\/capit-o-wagner-votando.jpeg\" alt=\"\" class=\"wp-image-19042\" srcset=\"https:\/\/blogdorogeriogomes.com.br\/noticias\/wp-content\/uploads\/2020\/11\/capit-o-wagner-votando.jpeg 750w, https:\/\/blogdorogeriogomes.com.br\/noticias\/wp-content\/uploads\/2020\/11\/capit-o-wagner-votando-300x225.jpeg 300w, https:\/\/blogdorogeriogomes.com.br\/noticias\/wp-content\/uploads\/2020\/11\/capit-o-wagner-votando-400x300.jpeg 400w\" sizes=\"auto, (max-width: 750px) 100vw, 750px\" \/><\/figure>\n\n\n\n<figure class=\"wp-block-image size-large\"><img loading=\"lazy\" decoding=\"async\" width=\"1024\" height=\"576\" src=\"https:\/\/blogdorogeriogomes.com.br\/wp-content\/uploads\/2020\/11\/IMG-20201115-WA0099-1024x576.jpg\" alt=\"\" class=\"wp-image-19043\" srcset=\"https:\/\/blogdorogeriogomes.com.br\/noticias\/wp-content\/uploads\/2020\/11\/IMG-20201115-WA0099-1024x576.jpg 1024w, https:\/\/blogdorogeriogomes.com.br\/noticias\/wp-content\/uploads\/2020\/11\/IMG-20201115-WA0099-300x169.jpg 300w, https:\/\/blogdorogeriogomes.com.br\/noticias\/wp-content\/uploads\/2020\/11\/IMG-20201115-WA0099-768x432.jpg 768w, https:\/\/blogdorogeriogomes.com.br\/noticias\/wp-content\/uploads\/2020\/11\/IMG-20201115-WA0099-800x450.jpg 800w, https:\/\/blogdorogeriogomes.com.br\/noticias\/wp-content\/uploads\/2020\/11\/IMG-20201115-WA0099.jpg 1280w\" sizes=\"auto, (max-width: 1024px) 100vw, 1024px\" \/><\/figure>\n","protected":false},"excerpt":{"rendered":"<p>Principais concorrentes na disputa eleitoral para a Prefeitura de Fortaleza, Jos\u00e9 Sarto (PDT), Capit\u00e3o Wagner (Pros) e Luizianne Lins (PT) foram \u00e0s urnas neste dia de vota\u00e7\u00e3o na Capital. Os candidatos estiveram juntos a familiares e apoiadores de suas respectivas chapas, afirmando com otimismo a possibilidade de disputarem o segundo turno.Sarto compareceu ao local de vota\u00e7\u00e3o na&nbsp;Associa\u00e7\u00e3o de Pais e Amigos dos Excepcionais (APAE), no bairro Luciano Cavalcante, logo pela manh\u00e3, acompanhado da fam\u00edlia, do candidato \u00e0 vice da&hellip;<\/p>\n","protected":false},"author":1,"featured_media":19043,"comment_status":"open","ping_status":"open","sticky":false,"template":"","format":"standard","meta":{"footnotes":""},"categories":[1],"tags":[],"class_list":["post-19039","post","type-post","status-publish","format-standard","has-post-thumbnail","hentry","category-noticias"],"_links":{"self":[{"href":"https:\/\/blogdorogeriogomes.com.br\/noticias\/wp-json\/wp\/v2\/posts\/19039","targetHints":{"allow":["GET"]}}],"collection":[{"href":"https:\/\/blogdorogeriogomes.com.br\/noticias\/wp-json\/wp\/v2\/posts"}],"about":[{"href":"https:\/\/blogdorogeriogomes.com.br\/noticias\/wp-json\/wp\/v2\/types\/post"}],"author":[{"embeddable":true,"href":"https:\/\/blogdorogeriogomes.com.br\/noticias\/wp-json\/wp\/v2\/users\/1"}],"replies":[{"embeddable":true,"href":"https:\/\/blogdorogeriogomes.com.br\/noticias\/wp-json\/wp\/v2\/comments?post=19039"}],"version-history":[{"count":2,"href":"https:\/\/blogdorogeriogomes.com.br\/noticias\/wp-json\/wp\/v2\/posts\/19039\/revisions"}],"predecessor-version":[{"id":19057,"href":"https:\/\/blogdorogeriogomes.com.br\/noticias\/wp-json\/wp\/v2\/posts\/19039\/revisions\/19057"}],"wp:featuredmedia":[{"embeddable":true,"href":"https:\/\/blogdorogeriogomes.com.br\/noticias\/wp-json\/wp\/v2\/media\/19043"}],"wp:attachment":[{"href":"https:\/\/blogdorogeriogomes.com.br\/noticias\/wp-json\/wp\/v2\/media?parent=19039"}],"wp:term":[{"taxonomy":"category","embeddable":true,"href":"https:\/\/blogdorogeriogomes.com.br\/noticias\/wp-json\/wp\/v2\/categories?post=19039"},{"taxonomy":"post_tag","embeddable":true,"href":"https:\/\/blogdorogeriogomes.com.br\/noticias\/wp-json\/wp\/v2\/tags?post=19039"}],"curies":[{"name":"wp","href":"https:\/\/api.w.org\/{rel}","templated":true}]}}