{"id":19045,"date":"2020-11-16T09:32:22","date_gmt":"2020-11-16T09:32:22","guid":{"rendered":"https:\/\/blogdorogeriogomes.com.br\/?p=19045"},"modified":"2020-11-16T12:54:48","modified_gmt":"2020-11-16T12:54:48","slug":"fortaleza-tera-um-segundo-turno-com-briga-acirrada-entre-jose-sarto-e-capitao-wagner","status":"publish","type":"post","link":"https:\/\/blogdorogeriogomes.com.br\/noticias\/2020\/11\/fortaleza-tera-um-segundo-turno-com-briga-acirrada-entre-jose-sarto-e-capitao-wagner\/","title":{"rendered":"Fortaleza ter\u00e1 um segundo turno com briga acirrada entre Jos\u00e9 Sarto e Capit\u00e3o Wagner"},"content":{"rendered":"\n<p>Confirmando a previs\u00e3o das pesquisas eleitorais, Fortaleza ter\u00e1 um 2\u00b0 turno das elei\u00e7\u00f5es municipais entre Jos\u00e9 Sarto (PDT) e Capit\u00e3o Wagner (Pros), no dia 29 de novembro. Sarto terminou o 1\u00b0 turno em primeiro com 35,72% dos votos. Wagner teve 33,32% e ficou em segundo. A petista Luizianne Lins terminou em terceiro lugar com 17,76%.<\/p>\n\n\n\n<p>Agora para o 2\u00b0 turno, Jos\u00e9 Sarto ter\u00e1 o apoio do PT do governador Camilo Santana, que apesar de ser aliado do atual prefeito Roberto Cl\u00e1udio (PDT), n\u00e3o podia aparecer na campanha porque o partido tinha candidato. Ser\u00e1 formada uma frente anti bolsonarista contra o Capit\u00e3o Wagner, que tem o apoio do presidente Jair Bolsonaro no Cear\u00e1. Wagner tamb\u00e9m buscar\u00e1 apoio de outras for\u00e7as pol\u00edticas para o novo embate.<\/p>\n\n\n\n<p>Para a C\u00e2mara Municipal de Fortaleza, foi eleita a seguinte bancada: <\/p>\n\n\n\n<p><strong>Cidadania: 3 vagas<\/strong><br>MICHEL LINS: 5.936<br>FRANCISCO ENILSON:&nbsp;3.788<br>K\u00c1TIA RODRIGUES: 3.711<\/p>\n\n\n\n<p><strong>DEM: 1 vaga<\/strong><br>CL\u00c1UDIA GOMES: 8.625<\/p>\n\n\n\n<p><strong>PDT: 10 vagas<\/strong><br>LUCIO BRUNO: 23.936<br>JULIO BRIZZI:&nbsp;16.424<br>ANT\u00d4NIO HENRIQUE: 15.480<br>ADAIL JUNIOR: 14.005<br>GARDEL ROLIM: 11.552<br>PAULO MARTINS: 10.591<br>ANA PAULA BRAND\u00c3O: 10.097<br>ELPIDIO NOGUEIRA: 9.564<br>RENAN COLARES:9.523<br>RAIMUNDO FILHO: 8.755<\/p>\n\n\n\n<p><strong>PP: 2 vagas<\/strong><br>EMANUEL ACRIZIO: 11.371<br>LUCIANO GIR\u00c3O FILHO: 9.857<\/p>\n\n\n\n<p><strong>PL: 2 vagas<br><\/strong>ANA DO ARACAPE: 5.922<br>TIA FRANCISCA:&nbsp;5.793<\/p>\n\n\n\n<p><strong>PSD: 2 vagas<br><\/strong>PEDRO MESQUITA FILHO (Ppcell):&nbsp;7.330<br>JOSE FREIRES:&nbsp;6.277<\/p>\n\n\n\n<p><strong>PSC: 2 vagas<\/strong><br>PRISCILA COSTA: 14.654<br>JOS\u00c9 ERIVALDO XAVIER: 4.028<\/p>\n\n\n\n<p><strong>PSL: 1 vaga<\/strong><br>MARCELO LEMOS (ANULADO SUB JUDICE): 5.381<br>*SEGUNDO COLOCADO: JULIO AQUINO: 3.012<\/p>\n\n\n\n<p><strong>Pros: 5 vagas<\/strong><\/p>\n\n\n\n<p>INSPETOR ALBERTO:&nbsp;7.301<br>JULIERME SENA:&nbsp;7.145<br>M\u00c1RCIO MARTINS:&nbsp;6.944<br>BRUNO FERNANDES:&nbsp;6.099<br>REGINAURO SOUSA:&nbsp;5.242<\/p>\n\n\n\n<p><strong>Psol: 2 vagas<\/strong><br>GABRIEL LIMA: 9.888<br>ADRIANA GER\u00d4NIMO: 9.824<\/p>\n\n\n\n<p><strong>PSB: 3 vagas<\/strong><br>LEONARDO COUTO: 9.426<br>F\u00c1BIO MARQUES: 6.819<br>EUDES BRINGEL: 5.780<\/p>\n\n\n\n<p><strong>PT: 3 vagas<\/strong><br>LARISSA GASPAR: 8.555<br>GUILHERME SAMPAIO: 5.816<br>RONIVALDO MAIA: 4.981<\/p>\n\n\n\n<p><strong>PMB:&nbsp;2 vaga<\/strong><br>WELLINGTON SAB\u00d3IA:&nbsp;4.915<br>GERMANO MEDEIROS:&nbsp;3.157<\/p>\n\n\n\n<p><strong>PSDB: 1 vaga<\/strong><br>JORGE PINHEIRO:&nbsp;8.319<\/p>\n\n\n\n<p><strong>Podemos: 1 vaga<\/strong><br>DANILO LOPES: 3.782<\/p>\n\n\n\n<p><strong>Rede: 1 vaga<\/strong><br>ESTRELA BARROS:&nbsp;4.928<\/p>\n\n\n\n<p><strong>Republicanos: 2 vagas<\/strong><br>RONALDO MARTINS: 31.840<br>CARMELO NETO: 8.527<\/p>\n\n\n\n<figure class=\"wp-block-image size-large\"><img loading=\"lazy\" decoding=\"async\" width=\"1024\" height=\"768\" src=\"https:\/\/blogdorogeriogomes.com.br\/wp-content\/uploads\/2020\/11\/sarto-1024x768.jpeg\" alt=\"\" class=\"wp-image-19046\" srcset=\"https:\/\/blogdorogeriogomes.com.br\/noticias\/wp-content\/uploads\/2020\/11\/sarto-1024x768.jpeg 1024w, https:\/\/blogdorogeriogomes.com.br\/noticias\/wp-content\/uploads\/2020\/11\/sarto-300x225.jpeg 300w, https:\/\/blogdorogeriogomes.com.br\/noticias\/wp-content\/uploads\/2020\/11\/sarto-768x576.jpeg 768w, https:\/\/blogdorogeriogomes.com.br\/noticias\/wp-content\/uploads\/2020\/11\/sarto-800x600.jpeg 800w, https:\/\/blogdorogeriogomes.com.br\/noticias\/wp-content\/uploads\/2020\/11\/sarto-400x300.jpeg 400w, https:\/\/blogdorogeriogomes.com.br\/noticias\/wp-content\/uploads\/2020\/11\/sarto.jpeg 1137w\" sizes=\"auto, (max-width: 1024px) 100vw, 1024px\" \/><\/figure>\n\n\n\n<figure class=\"wp-block-image size-large\"><img loading=\"lazy\" decoding=\"async\" width=\"1024\" height=\"768\" src=\"https:\/\/blogdorogeriogomes.com.br\/wp-content\/uploads\/2020\/11\/Capit-o-Wagner-1024x768.jpeg\" alt=\"\" class=\"wp-image-19047\" srcset=\"https:\/\/blogdorogeriogomes.com.br\/noticias\/wp-content\/uploads\/2020\/11\/Capit-o-Wagner-1024x768.jpeg 1024w, https:\/\/blogdorogeriogomes.com.br\/noticias\/wp-content\/uploads\/2020\/11\/Capit-o-Wagner-300x225.jpeg 300w, https:\/\/blogdorogeriogomes.com.br\/noticias\/wp-content\/uploads\/2020\/11\/Capit-o-Wagner-768x576.jpeg 768w, https:\/\/blogdorogeriogomes.com.br\/noticias\/wp-content\/uploads\/2020\/11\/Capit-o-Wagner-800x600.jpeg 800w, https:\/\/blogdorogeriogomes.com.br\/noticias\/wp-content\/uploads\/2020\/11\/Capit-o-Wagner-400x300.jpeg 400w, https:\/\/blogdorogeriogomes.com.br\/noticias\/wp-content\/uploads\/2020\/11\/Capit-o-Wagner.jpeg 1137w\" sizes=\"auto, (max-width: 1024px) 100vw, 1024px\" \/><\/figure>\n","protected":false},"excerpt":{"rendered":"<p>Confirmando a previs\u00e3o das pesquisas eleitorais, Fortaleza ter\u00e1 um 2\u00b0 turno das elei\u00e7\u00f5es municipais entre Jos\u00e9 Sarto (PDT) e Capit\u00e3o Wagner (Pros), no dia 29 de novembro. Sarto terminou o 1\u00b0 turno em primeiro com 35,72% dos votos. Wagner teve 33,32% e ficou em segundo. A petista Luizianne Lins terminou em terceiro lugar com 17,76%. Agora para o 2\u00b0 turno, Jos\u00e9 Sarto ter\u00e1 o apoio do PT do governador Camilo Santana, que apesar de ser aliado do atual prefeito&hellip;<\/p>\n","protected":false},"author":1,"featured_media":19046,"comment_status":"open","ping_status":"open","sticky":false,"template":"","format":"standard","meta":{"footnotes":""},"categories":[1],"tags":[],"class_list":["post-19045","post","type-post","status-publish","format-standard","has-post-thumbnail","hentry","category-noticias"],"_links":{"self":[{"href":"https:\/\/blogdorogeriogomes.com.br\/noticias\/wp-json\/wp\/v2\/posts\/19045","targetHints":{"allow":["GET"]}}],"collection":[{"href":"https:\/\/blogdorogeriogomes.com.br\/noticias\/wp-json\/wp\/v2\/posts"}],"about":[{"href":"https:\/\/blogdorogeriogomes.com.br\/noticias\/wp-json\/wp\/v2\/types\/post"}],"author":[{"embeddable":true,"href":"https:\/\/blogdorogeriogomes.com.br\/noticias\/wp-json\/wp\/v2\/users\/1"}],"replies":[{"embeddable":true,"href":"https:\/\/blogdorogeriogomes.com.br\/noticias\/wp-json\/wp\/v2\/comments?post=19045"}],"version-history":[{"count":2,"href":"https:\/\/blogdorogeriogomes.com.br\/noticias\/wp-json\/wp\/v2\/posts\/19045\/revisions"}],"predecessor-version":[{"id":19056,"href":"https:\/\/blogdorogeriogomes.com.br\/noticias\/wp-json\/wp\/v2\/posts\/19045\/revisions\/19056"}],"wp:featuredmedia":[{"embeddable":true,"href":"https:\/\/blogdorogeriogomes.com.br\/noticias\/wp-json\/wp\/v2\/media\/19046"}],"wp:attachment":[{"href":"https:\/\/blogdorogeriogomes.com.br\/noticias\/wp-json\/wp\/v2\/media?parent=19045"}],"wp:term":[{"taxonomy":"category","embeddable":true,"href":"https:\/\/blogdorogeriogomes.com.br\/noticias\/wp-json\/wp\/v2\/categories?post=19045"},{"taxonomy":"post_tag","embeddable":true,"href":"https:\/\/blogdorogeriogomes.com.br\/noticias\/wp-json\/wp\/v2\/tags?post=19045"}],"curies":[{"name":"wp","href":"https:\/\/api.w.org\/{rel}","templated":true}]}}