{"id":19050,"date":"2020-11-16T09:49:59","date_gmt":"2020-11-16T09:49:59","guid":{"rendered":"https:\/\/blogdorogeriogomes.com.br\/?p=19050"},"modified":"2020-11-16T12:54:35","modified_gmt":"2020-11-16T12:54:35","slug":"tre-confirma-a-eleicao-de-184-novos-prefeitos-no-ceara","status":"publish","type":"post","link":"https:\/\/blogdorogeriogomes.com.br\/noticias\/2020\/11\/tre-confirma-a-eleicao-de-184-novos-prefeitos-no-ceara\/","title":{"rendered":"TRE confirma a elei\u00e7\u00e3o de 184 novos prefeitos no Cear\u00e1"},"content":{"rendered":"\n<p>Ap\u00f3s o encerramento da apura\u00e7\u00e3o, o Tribunal Regional Eleitoral confirmou a elei\u00e7\u00e3o de 184 novos prefeitos no interior do Cear\u00e1 em 2020.<\/p>\n\n\n\n<p>Veja a lista dos prefeitos eleitos:<\/p>\n\n\n\n<p>Abaiara &#8211; Afonso Tavares (PT)<\/p>\n\n\n\n<p>Acarape &#8211; Edilberto (PDT)<\/p>\n\n\n\n<p>Acara\u00fa &#8211; Ana Fl\u00e1via (PSB)<\/p>\n\n\n\n<p>Acopiara &#8211; Ant\u00f4nio Almeida (MDB)<\/p>\n\n\n\n<p>Aiuaba &#8211; Ramilson Moraes (PSD)<\/p>\n\n\n\n<p>Alc\u00e2ntaras &#8211; Joaquim do Quinca (PDT)<\/p>\n\n\n\n<p>Altaneira &#8211; Dariomar (PT)<\/p>\n\n\n\n<p>Alto Santo &#8211; Joeni (PSD)<\/p>\n\n\n\n<p>Amontada &#8211; Fl\u00e1vio Filho (PTB)<\/p>\n\n\n\n<p>Antonina do Norte &#8211; Antonio Filho (PDT)<\/p>\n\n\n\n<p>Apuiar\u00e9s &#8211; Iris (PT)&nbsp;&nbsp;<\/p>\n\n\n\n<p>Aquiraz &#8211; Dr. Bruno Gon\u00e7alves (PL)<\/p>\n\n\n\n<p>Aracati &#8211; Bismarck Maia (PTB)<\/p>\n\n\n\n<p>Aracoiaba &#8211; Thiago Campelo (PDT)<\/p>\n\n\n\n<p>Ararend\u00e1 &#8211; Dr. Alexandre Felix (PT)&nbsp;<\/p>\n\n\n\n<p>Araripe &#8211; C\u00edcero de Deus (PDT)<\/p>\n\n\n\n<p>Aratuba &#8211; Joerly Vitor (Republicanos)<\/p>\n\n\n\n<p>Arneiroz &#8211; Monteiro Filho (MDB)<\/p>\n\n\n\n<p>Assar\u00e9 &#8211; Liborio (PDT)<\/p>\n\n\n\n<p>Aurora &#8211; Marcone Tavares (PSD)<\/p>\n\n\n\n<p>Baixio &#8211; Z\u00e9 Humberto (PDT)<\/p>\n\n\n\n<p>Banabui\u00fa &#8211; Edinho Nobre (PDT)<\/p>\n\n\n\n<p>Barbalha &#8211; Dr. Guilherme (PDT)<\/p>\n\n\n\n<p>Barreira &#8211; Dra. Auxiliadora (PSD)<\/p>\n\n\n\n<p>Barro &#8211; Dr. Marquin\u00e9lio (PSD)<\/p>\n\n\n\n<p>Barroquinha &#8211; Jaime Veras (PDT)<\/p>\n\n\n\n<p>Baturit\u00e9 &#8211; Herberlh Mota (PL)<\/p>\n\n\n\n<p>Beberibe &#8211; Michele Queiroz (PL)<\/p>\n\n\n\n<p>Bela Cruz &#8211; Netim Morais (PDT)<\/p>\n\n\n\n<p>Boa Viagem &#8211; Regis (Solidariedade)<\/p>\n\n\n\n<p>Brejo Santo &#8211; Gislaine Landim (PDT)<\/p>\n\n\n\n<p>Camocim &#8211; Betinha (PDT)<\/p>\n\n\n\n<p>Campos Sales &#8211; Jo\u00e3o Luiz (PDT)<\/p>\n\n\n\n<p>Canind\u00e9 &#8211; Roz\u00e1rio Ximenes (DEM)<\/p>\n\n\n\n<p>Capistrano &#8211; Junior Saraiva (PSD)<\/p>\n\n\n\n<p>Caridade &#8211; Simone Tavares (PDT)<\/p>\n\n\n\n<p>Carir\u00e9 &#8211; Antonio Martins (PDT)<\/p>\n\n\n\n<p>Cariria\u00e7u &#8211; Edmilson Leite (PDT)<\/p>\n\n\n\n<p>Cari\u00fas &#8211; Wilamar Palacio (PL)<\/p>\n\n\n\n<p>Carnaubal&nbsp; -Z\u00e9 Weliton (PDT)<\/p>\n\n\n\n<p>Cascavel &#8211; Tiago Ribeiro (Cidadania)<\/p>\n\n\n\n<p>Catarina &#8211; Dr. Thiago (MDB)<\/p>\n\n\n\n<p>Catunda &#8211; Ravenna (PDT)<\/p>\n\n\n\n<p>Caucaia &#8211; Naumi Amorim e Vitor Valim (2\u00ba turno)<\/p>\n\n\n\n<p>Cedro &#8211; Jo\u00e3ozinho de Titico (PDT)<\/p>\n\n\n\n<p>Chaval &#8211; Sebasti\u00e3ozinho (PDT)<\/p>\n\n\n\n<p>Chor\u00f3 &#8211; Marcondes Juc\u00e1 (PL)<\/p>\n\n\n\n<p>Chorozinho &#8211; Dr. J\u00fanior (PDT)<\/p>\n\n\n\n<p>Corea\u00fa &#8211; Edezio Sitonio (PDT)<\/p>\n\n\n\n<p>Crate\u00fas &#8211; Marcelo Machado (Solidariedade)<\/p>\n\n\n\n<p>Crato &#8211; Z\u00e9 Ailton Brasil (PT)<\/p>\n\n\n\n<p>Croat\u00e1 &#8211; Ronilson Oliveira (MDB)<\/p>\n\n\n\n<p>Cruz &#8211; Jonas Muniz (PSDB)<\/p>\n\n\n\n<p>Deputado Irapuan Pinheiro &#8211; Gildecarlos (PDT<\/p>\n\n\n\n<p>Erer\u00e9 &#8211; Otoni Queiroz (PDT)<\/p>\n\n\n\n<p>Eus\u00e9bio &#8211; Dr. Acilon Gon\u00e7alves (PL)<\/p>\n\n\n\n<p>Farias Brito &#8211; Deda (PDT)<\/p>\n\n\n\n<p>Forquilha &#8211; Edinardo (PDT)<\/p>\n\n\n\n<p>Fortaleza &#8211; Sarto Nogueira e Capit\u00e3o Wagner (2\u00ba turno)<\/p>\n\n\n\n<p>Fortim &#8211; Naselmo Ferreira (MDB)<\/p>\n\n\n\n<p>Frecheirinha &#8211; Helton Luis (PDT)<\/p>\n\n\n\n<p>General Sampaio &#8211; Chico Cordeiro (PDT)<\/p>\n\n\n\n<p>Gra\u00e7a &#8211; Iraldice M\u00e3o Cheirosa (PDT)<\/p>\n\n\n\n<p>Granja &#8211; Juliana Aldigueri (PDT)<\/p>\n\n\n\n<p>Granjeiro &#8211; Chico Clementino (PSDB)<\/p>\n\n\n\n<p>Groa\u00edras &#8211; Adail Melo (PSB)<\/p>\n\n\n\n<p>Guai\u00faba &#8211; Izabella Fernandes (PSB)<\/p>\n\n\n\n<p>Guaraciaba do Norte &#8211; Adail Machado (MDB)<\/p>\n\n\n\n<p>Guaramiranga &#8211; Roberlandia Ferreira (PDT)<\/p>\n\n\n\n<p>Hidrol\u00e2ndia &#8211; Iris Martins (PDT)<\/p>\n\n\n\n<p>Horizonte &#8211; Nezinho Farias (PDT)<\/p>\n\n\n\n<p>Ibaretama &#8211; El\u00edria Queiroz (PSD)<\/p>\n\n\n\n<p>Ibiapina &#8211; Marc\u00e3o (PSB)<\/p>\n\n\n\n<p>Ibicuitinga &#8211;&nbsp; Franz\u00e9 Carneiro (PDT)<\/p>\n\n\n\n<p>Icapu\u00ed &#8211; Lacerda (PSD)<\/p>\n\n\n\n<p>Ic\u00f3 &#8211; La\u00eds Nunes (PDT)<\/p>\n\n\n\n<p>Iguatu &#8211; Ednaldo Lavor (PSD)<\/p>\n\n\n\n<p>Independ\u00eancia &#8211; Valdi Coutinho (PSD)<\/p>\n\n\n\n<p>Ipaporanga &#8211; Amaro Pereira (PT)<\/p>\n\n\n\n<p>Ipaumirim &#8211; Puica (PSD)<\/p>\n\n\n\n<p>Ipu &#8211; Roberio Rufino (PC do B)<\/p>\n\n\n\n<p>Ipueiras &#8211; J\u00fanior do Titico (MDB)<\/p>\n\n\n\n<p>Iracema &#8211; Celso Gomes (PT)<\/p>\n\n\n\n<p>Irau\u00e7uba &#8211; Patr\u00edcia Barreto (PDT)<\/p>\n\n\n\n<p>Itai\u00e7aba &#8211; Frank Gomes (PDT)<\/p>\n\n\n\n<p>Itaitinga &#8211; Paulo Cesar Feitosa (PL)<\/p>\n\n\n\n<p>Itapaj\u00e9 &#8211; Dra. Gorete (PSD)<\/p>\n\n\n\n<p>Itapipoca &#8211; Felipe Pinheiro (PT)<\/p>\n\n\n\n<p>Itapi\u00fana &#8211; D\u00e1rio Coelho (MDB)<\/p>\n\n\n\n<p>Itarema &#8211; Elizeu Monteiro (PDT)<\/p>\n\n\n\n<p>Itatira &#8211; Z\u00e9 Dival (PP)<\/p>\n\n\n\n<p>Jaguaribara &#8211; Juju (PDT)<\/p>\n\n\n\n<p>Jaguaribe &#8211; Alexandre de Z\u00e9 S\u00e9rgio (PSD)<\/p>\n\n\n\n<p>Jaguaretama &#8211; Glairton Cunha (PP): 926 votos (ele era o \u00fanico candidato)<\/p>\n\n\n\n<p>Jaguaruana &#8211; Roberto da Vi\u00fava (PDT)<\/p>\n\n\n\n<p>Jardim &#8211; Dr. Aniziario Costa (PSB)<\/p>\n\n\n\n<p>Jati &#8211; Monica Mariano (PSD)<\/p>\n\n\n\n<p>Jijoca de Jericoacoara &#8211; Lindbergh (PSD)<\/p>\n\n\n\n<p>Juazeiro do Norte &#8211; Gl\u00eadson Bezerra (sub-judice) (Pode)<\/p>\n\n\n\n<p>Juc\u00e1s &#8211; Edsonriva (PDT)<\/p>\n\n\n\n<p>Lavras da Mangabeira &#8211; Ronaldo da Madeireira (PSD)<\/p>\n\n\n\n<p>Limoeiro do Norte &#8211; Dr. Z\u00e9 Maria (PSB)<\/p>\n\n\n\n<p>Madalena &#8211; S\u00f4nia Costa (MDB)<\/p>\n\n\n\n<p>Maracana\u00fa &#8211; Roberto Pessoa (PSDB)<\/p>\n\n\n\n<p>Maranguape &#8211; \u00c1tila C\u00e2mara (Solidariedade)<\/p>\n\n\n\n<p>Marco &#8211; Roger Aguiar (PDT)<\/p>\n\n\n\n<p>Martin\u00f3pole &#8211; James Bel (PP)<\/p>\n\n\n\n<p>Massap\u00ea &#8211; Aline Albuquerque Lora (PP)<\/p>\n\n\n\n<p>Mauriti &#8211; Junior (PT)<\/p>\n\n\n\n<p>Meruoca &#8211; Herton (PT)<\/p>\n\n\n\n<p>Milagres &#8211; Figueiredo (PDT)<\/p>\n\n\n\n<p>Milh\u00e3 &#8211; Alan Mac\u00eado (PL): 5.152 votos<\/p>\n\n\n\n<p>Mira\u00edma &#8211; Ednardo Filho (PL)<\/p>\n\n\n\n<p>Miss\u00e3o Velha &#8211; Dr. Washington (sub-judice) (MDB)<\/p>\n\n\n\n<p>Momba\u00e7a &#8211; Orlando Filho (MDB)<\/p>\n\n\n\n<p>Monsenhor Tabosa &#8211; Salom\u00e3o (PDT)<\/p>\n\n\n\n<p>Morada Nova &#8211; Wanderley Nogueira (PT)<\/p>\n\n\n\n<p>Mora\u00fajo &#8211; \u00c1quila (PDT)<\/p>\n\n\n\n<p>Morrinhos &#8211; Jer\u00f4nimo Brad\u00e3o (PT)<\/p>\n\n\n\n<p>Mucambo &#8211; Canarinho (PDT)<\/p>\n\n\n\n<p>Mulungu &#8211; Robert Viana (PL)<\/p>\n\n\n\n<p>Nova Olinda &#8211; Dr. Italo (PP)<\/p>\n\n\n\n<p>Nova Russas &#8211; Giordanna Mano (PL)<\/p>\n\n\n\n<p>Novo Oriente &#8211; Nenen Coelho (Solidariedade)<\/p>\n\n\n\n<p>Ocara &#8211; Amalia (PP)<\/p>\n\n\n\n<p>Or\u00f3s &#8211; Z\u00e9 Rubens (PSD)<\/p>\n\n\n\n<p>Pacajus &#8211; Bruno Figueiredo (PDT)<\/p>\n\n\n\n<p>Pacatuba &#8211; Carlomano Marques (MDB)<\/p>\n\n\n\n<p>Pacoti &#8211; Dr. Marcos (PT)<\/p>\n\n\n\n<p>Pacuj\u00e1 &#8211; Raimundo Filho (PDT)<\/p>\n\n\n\n<p>Palhano &#8211; Dinho do Z\u00e9 do Hon\u00f3rio (PT)<\/p>\n\n\n\n<p>Palm\u00e1cia &#8211; Davi Campos (MDB)<\/p>\n\n\n\n<p>Paracuru &#8211; Beim (PDT)<\/p>\n\n\n\n<p>Paraipaba &#8211; Ariana Aquino (Republicanos)&nbsp;<\/p>\n\n\n\n<p>Parambu &#8211; Romulo Noronha (Solidariedade)<\/p>\n\n\n\n<p>Paramoti &#8211; Telv\u00e2nia Braz (MDB)<\/p>\n\n\n\n<p>Pedra Branca &#8211; Gois (sub-judice) (PSD)<\/p>\n\n\n\n<p>Penaforte &#8211; Dr. Rafael (MDB)<\/p>\n\n\n\n<p>Pentecoste &#8211; Jo\u00e3o Bosco (PDT)<\/p>\n\n\n\n<p>Pereiro &#8211; Estevam (PDT)<\/p>\n\n\n\n<p>Pindoretama &#8211; Ded\u00e9 (PL)<\/p>\n\n\n\n<p>Piquet Carneiro &#8211; Bismarck (PDT)<\/p>\n\n\n\n<p>Pires Ferreira &#8211; Dra. L\u00edvia (PDT)<\/p>\n\n\n\n<p>Poranga &#8211; Carlos Antonio (PT)<\/p>\n\n\n\n<p>Porteiras &#8211; F\u00e1bio (PTB)<\/p>\n\n\n\n<p>Potengi &#8211; Edson Veriato (Psol)<\/p>\n\n\n\n<p>Potiretama &#8211; Luan Dantas (PP)<\/p>\n\n\n\n<p>Quiterian\u00f3polis &#8211; Dra. Priscila Barreto (PSD)<\/p>\n\n\n\n<p>Quixad\u00e1 &#8211; Ricardo Silveira (PSD)<\/p>\n\n\n\n<p>Quixel\u00f4 &#8211; Adil Junior (PT)<\/p>\n\n\n\n<p>Quixeramobim &#8211; Cirilo Pimenta (PDT)<\/p>\n\n\n\n<p>Quixer\u00e9 &#8211; Toinho do Banco (PT)<\/p>\n\n\n\n<p>Reden\u00e7\u00e3o &#8211; Davi Benevides (PDT)<\/p>\n\n\n\n<p>Reriutaba &#8211; Pedro Humberto (PSB)<\/p>\n\n\n\n<p>Russas &#8211; Savio Gurgel (PDT)<\/p>\n\n\n\n<p>Saboeiro &#8211; Marcondes Ferraz (PDT)<\/p>\n\n\n\n<p>Salitre &#8211; Dodo de Neoclides (Pros)<\/p>\n\n\n\n<p>Santana do Acara\u00fa &#8211; Meu Deus (PL)<\/p>\n\n\n\n<p>Santana do Cariri &#8211; Dr. Samuel (DEM)<\/p>\n\n\n\n<p>Santa Quit\u00e9ria &#8211; Braguinha (PSB)<\/p>\n\n\n\n<p>S\u00e3o Benedito &#8211; Saul Maciel (PDT)<\/p>\n\n\n\n<p>S\u00e3o Gon\u00e7alo do Amarante &#8211; Professor Marcel\u00e3o (Pros)<\/p>\n\n\n\n<p>S\u00e3o Jo\u00e3o do Jaguaribe &#8211; Raimundo C\u00e9sar (PSD)<\/p>\n\n\n\n<p>S\u00e3o Lu\u00eds do Curu &#8211; Chico Abreu (PC do B)<\/p>\n\n\n\n<p>Senador Pompeu &#8211; Maur\u00edcio Pinheiro (PDT)<\/p>\n\n\n\n<p>Senador S\u00e1 &#8211; Bel Junior (sub-judice) (PP)<\/p>\n\n\n\n<p>Sobral &#8211; Ivo Gomes (PDT)<\/p>\n\n\n\n<p>Solon\u00f3pole &#8211; Ana Vl\u00e1dia (PSD)<\/p>\n\n\n\n<p>Tabuleiro do Norte &#8211; Dr. Rildson (PP)<\/p>\n\n\n\n<p>Tamboril &#8211; Marcelo Mota (PDT)<\/p>\n\n\n\n<p>Tarrafas &#8211; Taiano (PDT)<\/p>\n\n\n\n<p>Tau\u00e1 &#8211; Patricia Aguiar (PSD)<\/p>\n\n\n\n<p>Teju\u00e7uoca &#8211; Britinho (PSD)<\/p>\n\n\n\n<p>Tiangu\u00e1 &#8211; Dr. Luiz (PSD)<\/p>\n\n\n\n<p>Trairi &#8211; Gustavo (PP)<\/p>\n\n\n\n<p>Tururu &#8211; Hilzete Marim (PSDB)<\/p>\n\n\n\n<p>Ubajara &#8211; Ren\u00ea (PDT)<\/p>\n\n\n\n<p>Umari &#8211; Sandro Rufino (PSD)<\/p>\n\n\n\n<p>Umirim &#8211; Felipe Uch\u00f4a (PSD)<\/p>\n\n\n\n<p>Uruburetama &#8211; Branco do Angelim (PT)<\/p>\n\n\n\n<p>Uruoca &#8211; Kennedy Aquino (PDT)<\/p>\n\n\n\n<p>Varjota &#8211; Elmo Monte (PDT)<\/p>\n\n\n\n<p>V\u00e1rzea Alegre &#8211; Z\u00e9 Helder (MDB)<\/p>\n\n\n\n<p>Vi\u00e7osa do Cear\u00e1 &#8211; Z\u00e9 Firmino (sub-judice) (MDB)<\/p>\n\n\n\n<figure class=\"wp-block-image size-large\"><img loading=\"lazy\" decoding=\"async\" width=\"678\" height=\"452\" src=\"https:\/\/blogdorogeriogomes.com.br\/wp-content\/uploads\/2020\/11\/images-7.jpeg\" alt=\"\" class=\"wp-image-19051\" srcset=\"https:\/\/blogdorogeriogomes.com.br\/noticias\/wp-content\/uploads\/2020\/11\/images-7.jpeg 678w, https:\/\/blogdorogeriogomes.com.br\/noticias\/wp-content\/uploads\/2020\/11\/images-7-300x200.jpeg 300w\" sizes=\"auto, (max-width: 678px) 100vw, 678px\" \/><\/figure>\n","protected":false},"excerpt":{"rendered":"<p>Ap\u00f3s o encerramento da apura\u00e7\u00e3o, o Tribunal Regional Eleitoral confirmou a elei\u00e7\u00e3o de 184 novos prefeitos no interior do Cear\u00e1 em 2020. Veja a lista dos prefeitos eleitos: Abaiara &#8211; Afonso Tavares (PT) Acarape &#8211; Edilberto (PDT) Acara\u00fa &#8211; Ana Fl\u00e1via (PSB) Acopiara &#8211; Ant\u00f4nio Almeida (MDB) Aiuaba &#8211; Ramilson Moraes (PSD) Alc\u00e2ntaras &#8211; Joaquim do Quinca (PDT) Altaneira &#8211; Dariomar (PT) Alto Santo &#8211; Joeni (PSD) Amontada &#8211; Fl\u00e1vio Filho (PTB) Antonina do Norte &#8211; Antonio Filho (PDT)&hellip;<\/p>\n","protected":false},"author":1,"featured_media":19051,"comment_status":"open","ping_status":"open","sticky":false,"template":"","format":"standard","meta":{"footnotes":""},"categories":[1],"tags":[],"class_list":["post-19050","post","type-post","status-publish","format-standard","has-post-thumbnail","hentry","category-noticias"],"_links":{"self":[{"href":"https:\/\/blogdorogeriogomes.com.br\/noticias\/wp-json\/wp\/v2\/posts\/19050","targetHints":{"allow":["GET"]}}],"collection":[{"href":"https:\/\/blogdorogeriogomes.com.br\/noticias\/wp-json\/wp\/v2\/posts"}],"about":[{"href":"https:\/\/blogdorogeriogomes.com.br\/noticias\/wp-json\/wp\/v2\/types\/post"}],"author":[{"embeddable":true,"href":"https:\/\/blogdorogeriogomes.com.br\/noticias\/wp-json\/wp\/v2\/users\/1"}],"replies":[{"embeddable":true,"href":"https:\/\/blogdorogeriogomes.com.br\/noticias\/wp-json\/wp\/v2\/comments?post=19050"}],"version-history":[{"count":1,"href":"https:\/\/blogdorogeriogomes.com.br\/noticias\/wp-json\/wp\/v2\/posts\/19050\/revisions"}],"predecessor-version":[{"id":19052,"href":"https:\/\/blogdorogeriogomes.com.br\/noticias\/wp-json\/wp\/v2\/posts\/19050\/revisions\/19052"}],"wp:featuredmedia":[{"embeddable":true,"href":"https:\/\/blogdorogeriogomes.com.br\/noticias\/wp-json\/wp\/v2\/media\/19051"}],"wp:attachment":[{"href":"https:\/\/blogdorogeriogomes.com.br\/noticias\/wp-json\/wp\/v2\/media?parent=19050"}],"wp:term":[{"taxonomy":"category","embeddable":true,"href":"https:\/\/blogdorogeriogomes.com.br\/noticias\/wp-json\/wp\/v2\/categories?post=19050"},{"taxonomy":"post_tag","embeddable":true,"href":"https:\/\/blogdorogeriogomes.com.br\/noticias\/wp-json\/wp\/v2\/tags?post=19050"}],"curies":[{"name":"wp","href":"https:\/\/api.w.org\/{rel}","templated":true}]}}