{"id":19059,"date":"2020-11-16T19:11:54","date_gmt":"2020-11-16T19:11:54","guid":{"rendered":"https:\/\/blogdorogeriogomes.com.br\/?p=19059"},"modified":"2020-11-17T21:08:33","modified_gmt":"2020-11-17T21:08:33","slug":"pdt-tera-a-maior-bancada-na-camara-municipal-de-fortaleza-em-2021-vereadores-entram-na-campanha-pelo-2-turno-em-fortaleza","status":"publish","type":"post","link":"https:\/\/blogdorogeriogomes.com.br\/noticias\/2020\/11\/pdt-tera-a-maior-bancada-na-camara-municipal-de-fortaleza-em-2021-vereadores-entram-na-campanha-pelo-2-turno-em-fortaleza\/","title":{"rendered":"PDT ter\u00e1 a maior bancada na C\u00e2mara Municipal de Fortaleza em 2021. Vereadores entram na campanha pelo 2\u00b0 turno em Fortaleza"},"content":{"rendered":"\n<p>O resultado das elei\u00e7\u00f5es para vereador em Fortaleza consolidou, na noite do \u00faltimo domingo, dia 15 de novembro, a bancada do PDT como a maior representa\u00e7\u00e3o de uma legenda na C\u00e2mara Municipal para a nova composi\u00e7\u00e3o do Parlamento. Ao todo ser\u00e3o dez cadeiras garantidas pelos parlamentares pedetistas. Um cen\u00e1rio que aquece ainda mais este in\u00edcio de segundo turno entre Jos\u00e9 Sarto (PDT) e Capit\u00e3o Wagner (Pros). Vereadores de apoio ao atual prefeito Roberto Cl\u00e1udio prometem ainda mais engajamento na reta final das elei\u00e7\u00f5es 2020, que agora ter\u00e1 o 2\u00b0 turno na Capital.<\/p>\n\n\n\n<p>Apesar do n\u00famero superior ao dos demais partidos, o PDT sofreu uma queda no n\u00famero de vereadores eleito de 2016 para 2020. Na elei\u00e7\u00e3o anterior, eram 16. O partido do prefeito Roberto Cl\u00e1udio teve alguns de seus quadros tradicionais com vota\u00e7\u00e3o insuficiente para reelei\u00e7\u00e3o, mas ainda assim d\u00e3o a Sarto uma base mais desenhada caso seja eleito.<\/p>\n\n\n\n<p>Do lado da oposi\u00e7\u00e3o \u00e0 atual gest\u00e3o municipal, e entre os apoiadores de Wagner, Ronaldo Martins (Republicanos) teve a maior vota\u00e7\u00e3o da Capital, com 31.840 votos. O mesmo partido tamb\u00e9m elegeu o bolsonarista Carmelo Neto, de 19 anos, candidato mais jovem a assumir o cargo na C\u00e2mara. O Pros do Capit\u00e3o Wagner elegeu cinco representantes. A ala conservadora tamb\u00e9m promete ter for\u00e7a e articula\u00e7\u00e3o pelos pr\u00f3ximos quatro anos. <\/p>\n\n\n\n<figure class=\"wp-block-image size-large\"><img loading=\"lazy\" decoding=\"async\" width=\"640\" height=\"480\" src=\"https:\/\/blogdorogeriogomes.com.br\/wp-content\/uploads\/2020\/10\/images-27.jpeg\" alt=\"\" class=\"wp-image-18635\" srcset=\"https:\/\/blogdorogeriogomes.com.br\/noticias\/wp-content\/uploads\/2020\/10\/images-27.jpeg 640w, https:\/\/blogdorogeriogomes.com.br\/noticias\/wp-content\/uploads\/2020\/10\/images-27-300x225.jpeg 300w, https:\/\/blogdorogeriogomes.com.br\/noticias\/wp-content\/uploads\/2020\/10\/images-27-400x300.jpeg 400w\" sizes=\"auto, (max-width: 640px) 100vw, 640px\" \/><\/figure>\n","protected":false},"excerpt":{"rendered":"<p>O resultado das elei\u00e7\u00f5es para vereador em Fortaleza consolidou, na noite do \u00faltimo domingo, dia 15 de novembro, a bancada do PDT como a maior representa\u00e7\u00e3o de uma legenda na C\u00e2mara Municipal para a nova composi\u00e7\u00e3o do Parlamento. Ao todo ser\u00e3o dez cadeiras garantidas pelos parlamentares pedetistas. Um cen\u00e1rio que aquece ainda mais este in\u00edcio de segundo turno entre Jos\u00e9 Sarto (PDT) e Capit\u00e3o Wagner (Pros). Vereadores de apoio ao atual prefeito Roberto Cl\u00e1udio prometem ainda mais engajamento na&hellip;<\/p>\n","protected":false},"author":1,"featured_media":19051,"comment_status":"open","ping_status":"open","sticky":false,"template":"","format":"standard","meta":{"footnotes":""},"categories":[1],"tags":[],"class_list":["post-19059","post","type-post","status-publish","format-standard","has-post-thumbnail","hentry","category-noticias"],"_links":{"self":[{"href":"https:\/\/blogdorogeriogomes.com.br\/noticias\/wp-json\/wp\/v2\/posts\/19059","targetHints":{"allow":["GET"]}}],"collection":[{"href":"https:\/\/blogdorogeriogomes.com.br\/noticias\/wp-json\/wp\/v2\/posts"}],"about":[{"href":"https:\/\/blogdorogeriogomes.com.br\/noticias\/wp-json\/wp\/v2\/types\/post"}],"author":[{"embeddable":true,"href":"https:\/\/blogdorogeriogomes.com.br\/noticias\/wp-json\/wp\/v2\/users\/1"}],"replies":[{"embeddable":true,"href":"https:\/\/blogdorogeriogomes.com.br\/noticias\/wp-json\/wp\/v2\/comments?post=19059"}],"version-history":[{"count":1,"href":"https:\/\/blogdorogeriogomes.com.br\/noticias\/wp-json\/wp\/v2\/posts\/19059\/revisions"}],"predecessor-version":[{"id":19060,"href":"https:\/\/blogdorogeriogomes.com.br\/noticias\/wp-json\/wp\/v2\/posts\/19059\/revisions\/19060"}],"wp:featuredmedia":[{"embeddable":true,"href":"https:\/\/blogdorogeriogomes.com.br\/noticias\/wp-json\/wp\/v2\/media\/19051"}],"wp:attachment":[{"href":"https:\/\/blogdorogeriogomes.com.br\/noticias\/wp-json\/wp\/v2\/media?parent=19059"}],"wp:term":[{"taxonomy":"category","embeddable":true,"href":"https:\/\/blogdorogeriogomes.com.br\/noticias\/wp-json\/wp\/v2\/categories?post=19059"},{"taxonomy":"post_tag","embeddable":true,"href":"https:\/\/blogdorogeriogomes.com.br\/noticias\/wp-json\/wp\/v2\/tags?post=19059"}],"curies":[{"name":"wp","href":"https:\/\/api.w.org\/{rel}","templated":true}]}}