{"id":19061,"date":"2020-11-16T22:03:16","date_gmt":"2020-11-16T22:03:16","guid":{"rendered":"https:\/\/blogdorogeriogomes.com.br\/?p=19061"},"modified":"2020-11-17T21:08:17","modified_gmt":"2020-11-17T21:08:17","slug":"camilo-santana-anuncia-apoio-incondicional-a-jose-sarto-candidatos-buscam-quem-foi-derrotado-no-1-turno-da-capital","status":"publish","type":"post","link":"https:\/\/blogdorogeriogomes.com.br\/noticias\/2020\/11\/camilo-santana-anuncia-apoio-incondicional-a-jose-sarto-candidatos-buscam-quem-foi-derrotado-no-1-turno-da-capital\/","title":{"rendered":"Camilo Santana anuncia apoio incondicional a Jos\u00e9 Sarto. Candidatos buscam quem foi derrotado no 1\u00b0 turno da Capital"},"content":{"rendered":"\n<p>Ap\u00f3s a defini\u00e7\u00e3o de segundo turno nas elei\u00e7\u00f5es municipais do \u00faltimo domingo, os candidatos Jos\u00e9 Sarto (PDT) e Capit\u00e3o Wagner (Pros) prometeram ir atr\u00e1s de todo o apoio poss\u00edvel de outras legendas que participaram do pleito para a Prefeitura de Fortaleza. Nesta segunda-feira, dia 16 de novembro, o governador Camilo Santana (PT) confirmou o apoio aberto a Sarto e convocou outros candidatos derrotados no 1\u00b0 turno a fazerem o mesmo. &#8220;N\u00f3s n\u00e3o&nbsp;podemos admitir&nbsp;que a pol\u00edtica que fortalece e explora a viol\u00eancia unicamente com objetivos pessoais possa sobressair neste segundo turno&#8221;, afirmou Camilo em refer\u00eancia ao candidato do Pros, Capit\u00e3o Wagner. Sarto tamb\u00e9m dever\u00e1 ganhar o refor\u00e7o na campanha do 2\u00b0 turno do senador Cid Gomes (PDT) e do ex-ministro Ciro Gomes (PDT).<\/p>\n\n\n\n<p>\u00c0 frente das urnas no 1\u00b0 turno com 35,72% dos votos, o pedetista Jos\u00e9 Sarto afirmou que vai em busca de fortalecer a sua candidatura com nomes do campo democr\u00e1tico. Ele fez elogios \u00e0 candidata Luizianne Lins (PT), que ficou em terceiro na vota\u00e7\u00e3o, com 17,76%. &#8220;Tenho maior respeito pela candidata. Luizianne \u00e9 uma pessoa s\u00e9ria. Eu vou conversar com todos os partidos e todas as pessoas. A minha luta n\u00e3o \u00e9 contra ningu\u00e9m, \u00e9 a favor de Fortaleza. Vou convidar a todos&#8221;.<\/p>\n\n\n\n<p>Com 33,32% dos votos na Capital, Capit\u00e3o Wagner projetou a busca por alian\u00e7as com outros candidatos para tentar barrar a sucess\u00e3o do prefeito Roberto Cl\u00e1udio e do grupo ligado aos Ferreira Gomes. &#8220;A diferen\u00e7a (entre ele e Sarto) \u00e9 de cerca de 30 mil votos. Acredito que esses 14 dias v\u00e3o ser de muito trabalho. A partir de agora, vou sim entrar em contato com os candidatos e, principalmente, com os eleitores desses candidatos&#8221;.<\/p>\n\n\n\n<p>No quarto lugar na disputa pela Prefeitura, o candidato Heitor Ferrer (SD) foi o primeiro a se posicionar sobre o segundo turno. Optou pela neutralidade, como tem feito de costume nas \u00faltimas elei\u00e7\u00f5es em que esteve no pleito. <\/p>\n\n\n\n<p>Com a sa\u00edda do PT e sua chapa \u00fanica da vota\u00e7\u00e3o, o governador Camilo Santana passar\u00e1 a se posicionar e engajar abertamente a favor da candidatura de Jos\u00e9 Sarto. Outros nomes petistas, como o deputado estadual Acr\u00edsio Sena, tamb\u00e9m j\u00e1 sinalizaram apoio ao prefeitur\u00e1vel pedetista.<\/p>\n\n\n\n<figure class=\"wp-block-image size-large\"><img loading=\"lazy\" decoding=\"async\" width=\"678\" height=\"452\" src=\"https:\/\/blogdorogeriogomes.com.br\/wp-content\/uploads\/2020\/11\/images-9.jpeg\" alt=\"\" class=\"wp-image-19062\" srcset=\"https:\/\/blogdorogeriogomes.com.br\/noticias\/wp-content\/uploads\/2020\/11\/images-9.jpeg 678w, https:\/\/blogdorogeriogomes.com.br\/noticias\/wp-content\/uploads\/2020\/11\/images-9-300x200.jpeg 300w\" sizes=\"auto, (max-width: 678px) 100vw, 678px\" \/><\/figure>\n","protected":false},"excerpt":{"rendered":"<p>Ap\u00f3s a defini\u00e7\u00e3o de segundo turno nas elei\u00e7\u00f5es municipais do \u00faltimo domingo, os candidatos Jos\u00e9 Sarto (PDT) e Capit\u00e3o Wagner (Pros) prometeram ir atr\u00e1s de todo o apoio poss\u00edvel de outras legendas que participaram do pleito para a Prefeitura de Fortaleza. Nesta segunda-feira, dia 16 de novembro, o governador Camilo Santana (PT) confirmou o apoio aberto a Sarto e convocou outros candidatos derrotados no 1\u00b0 turno a fazerem o mesmo. &#8220;N\u00f3s n\u00e3o&nbsp;podemos admitir&nbsp;que a pol\u00edtica que fortalece e explora&hellip;<\/p>\n","protected":false},"author":1,"featured_media":19062,"comment_status":"open","ping_status":"open","sticky":false,"template":"","format":"standard","meta":{"footnotes":""},"categories":[1],"tags":[],"class_list":["post-19061","post","type-post","status-publish","format-standard","has-post-thumbnail","hentry","category-noticias"],"_links":{"self":[{"href":"https:\/\/blogdorogeriogomes.com.br\/noticias\/wp-json\/wp\/v2\/posts\/19061","targetHints":{"allow":["GET"]}}],"collection":[{"href":"https:\/\/blogdorogeriogomes.com.br\/noticias\/wp-json\/wp\/v2\/posts"}],"about":[{"href":"https:\/\/blogdorogeriogomes.com.br\/noticias\/wp-json\/wp\/v2\/types\/post"}],"author":[{"embeddable":true,"href":"https:\/\/blogdorogeriogomes.com.br\/noticias\/wp-json\/wp\/v2\/users\/1"}],"replies":[{"embeddable":true,"href":"https:\/\/blogdorogeriogomes.com.br\/noticias\/wp-json\/wp\/v2\/comments?post=19061"}],"version-history":[{"count":2,"href":"https:\/\/blogdorogeriogomes.com.br\/noticias\/wp-json\/wp\/v2\/posts\/19061\/revisions"}],"predecessor-version":[{"id":19079,"href":"https:\/\/blogdorogeriogomes.com.br\/noticias\/wp-json\/wp\/v2\/posts\/19061\/revisions\/19079"}],"wp:featuredmedia":[{"embeddable":true,"href":"https:\/\/blogdorogeriogomes.com.br\/noticias\/wp-json\/wp\/v2\/media\/19062"}],"wp:attachment":[{"href":"https:\/\/blogdorogeriogomes.com.br\/noticias\/wp-json\/wp\/v2\/media?parent=19061"}],"wp:term":[{"taxonomy":"category","embeddable":true,"href":"https:\/\/blogdorogeriogomes.com.br\/noticias\/wp-json\/wp\/v2\/categories?post=19061"},{"taxonomy":"post_tag","embeddable":true,"href":"https:\/\/blogdorogeriogomes.com.br\/noticias\/wp-json\/wp\/v2\/tags?post=19061"}],"curies":[{"name":"wp","href":"https:\/\/api.w.org\/{rel}","templated":true}]}}