{"id":19064,"date":"2020-11-17T09:18:59","date_gmt":"2020-11-17T09:18:59","guid":{"rendered":"https:\/\/blogdorogeriogomes.com.br\/?p=19064"},"modified":"2020-11-17T21:07:59","modified_gmt":"2020-11-17T21:07:59","slug":"sem-o-reveillon-no-aterro-de-iracema-rede-hoteleira-de-fortaleza-projeta-acoes-para-atrair-os-turistas","status":"publish","type":"post","link":"https:\/\/blogdorogeriogomes.com.br\/noticias\/2020\/11\/sem-o-reveillon-no-aterro-de-iracema-rede-hoteleira-de-fortaleza-projeta-acoes-para-atrair-os-turistas\/","title":{"rendered":"Sem o R\u00e9veillon no Aterro de Iracema, rede hoteleira de Fortaleza projeta a\u00e7\u00f5es para atrair os turistas"},"content":{"rendered":"\n<p>Depois de o prefeito de Fortaleza, Roberto Cl\u00e1udio, confirmar que n\u00e3o haver\u00e1 a tradicional festa de R\u00e9veillon no Aterro da Praia de Iracema, devido \u00e0 pandemia do novo coronav\u00edrus, a rede hoteleira e de restaurantes da Capital come\u00e7a a fazer proje\u00e7\u00f5es para atrair o turista mesmo sem a maior festa popular, em dezembro. O pensamento \u00e9 realizar, dentro das regras sanit\u00e1rias permitidas, eventos mais privados. Neste quesito, tamb\u00e9m est\u00e3o inclusos as barracas de praia e buffets.<\/p>\n\n\n\n<p>O comit\u00ea de enfrentamento \u00e0 pandemia da Covid-19 continua acompanhando os n\u00fameros de casos no m\u00eas de novembro. A cada semana, o governador Camilo Santana tem anunciado a renova\u00e7\u00e3o do decreto que imp\u00f5e regras de distanciamento social. A expectativa do &#8220;trade tur\u00edstico&#8221; \u00e9 que, at\u00e9 dezembro, novas libera\u00e7\u00f5es sobre a presen\u00e7a de p\u00fablico em ambientes fechados sejam retomadas. A ocupa\u00e7\u00e3o esperada pelos hot\u00e9is \u00e9 de 60%, que corresponde \u00e0 taxa m\u00e1xima permitida hoje pelo decreto estadual.<\/p>\n\n\n\n<figure class=\"wp-block-image size-large\"><img loading=\"lazy\" decoding=\"async\" width=\"640\" height=\"480\" src=\"https:\/\/blogdorogeriogomes.com.br\/wp-content\/uploads\/2020\/11\/images-10.jpeg\" alt=\"\" class=\"wp-image-19065\" srcset=\"https:\/\/blogdorogeriogomes.com.br\/noticias\/wp-content\/uploads\/2020\/11\/images-10.jpeg 640w, https:\/\/blogdorogeriogomes.com.br\/noticias\/wp-content\/uploads\/2020\/11\/images-10-300x225.jpeg 300w, https:\/\/blogdorogeriogomes.com.br\/noticias\/wp-content\/uploads\/2020\/11\/images-10-400x300.jpeg 400w\" sizes=\"auto, (max-width: 640px) 100vw, 640px\" \/><\/figure>\n","protected":false},"excerpt":{"rendered":"<p>Depois de o prefeito de Fortaleza, Roberto Cl\u00e1udio, confirmar que n\u00e3o haver\u00e1 a tradicional festa de R\u00e9veillon no Aterro da Praia de Iracema, devido \u00e0 pandemia do novo coronav\u00edrus, a rede hoteleira e de restaurantes da Capital come\u00e7a a fazer proje\u00e7\u00f5es para atrair o turista mesmo sem a maior festa popular, em dezembro. O pensamento \u00e9 realizar, dentro das regras sanit\u00e1rias permitidas, eventos mais privados. Neste quesito, tamb\u00e9m est\u00e3o inclusos as barracas de praia e buffets. O comit\u00ea de&hellip;<\/p>\n","protected":false},"author":1,"featured_media":19065,"comment_status":"open","ping_status":"open","sticky":false,"template":"","format":"standard","meta":{"footnotes":""},"categories":[1],"tags":[],"class_list":["post-19064","post","type-post","status-publish","format-standard","has-post-thumbnail","hentry","category-noticias"],"_links":{"self":[{"href":"https:\/\/blogdorogeriogomes.com.br\/noticias\/wp-json\/wp\/v2\/posts\/19064","targetHints":{"allow":["GET"]}}],"collection":[{"href":"https:\/\/blogdorogeriogomes.com.br\/noticias\/wp-json\/wp\/v2\/posts"}],"about":[{"href":"https:\/\/blogdorogeriogomes.com.br\/noticias\/wp-json\/wp\/v2\/types\/post"}],"author":[{"embeddable":true,"href":"https:\/\/blogdorogeriogomes.com.br\/noticias\/wp-json\/wp\/v2\/users\/1"}],"replies":[{"embeddable":true,"href":"https:\/\/blogdorogeriogomes.com.br\/noticias\/wp-json\/wp\/v2\/comments?post=19064"}],"version-history":[{"count":1,"href":"https:\/\/blogdorogeriogomes.com.br\/noticias\/wp-json\/wp\/v2\/posts\/19064\/revisions"}],"predecessor-version":[{"id":19066,"href":"https:\/\/blogdorogeriogomes.com.br\/noticias\/wp-json\/wp\/v2\/posts\/19064\/revisions\/19066"}],"wp:featuredmedia":[{"embeddable":true,"href":"https:\/\/blogdorogeriogomes.com.br\/noticias\/wp-json\/wp\/v2\/media\/19065"}],"wp:attachment":[{"href":"https:\/\/blogdorogeriogomes.com.br\/noticias\/wp-json\/wp\/v2\/media?parent=19064"}],"wp:term":[{"taxonomy":"category","embeddable":true,"href":"https:\/\/blogdorogeriogomes.com.br\/noticias\/wp-json\/wp\/v2\/categories?post=19064"},{"taxonomy":"post_tag","embeddable":true,"href":"https:\/\/blogdorogeriogomes.com.br\/noticias\/wp-json\/wp\/v2\/tags?post=19064"}],"curies":[{"name":"wp","href":"https:\/\/api.w.org\/{rel}","templated":true}]}}