{"id":19071,"date":"2020-11-17T16:37:18","date_gmt":"2020-11-17T16:37:18","guid":{"rendered":"https:\/\/blogdorogeriogomes.com.br\/?p=19071"},"modified":"2020-11-17T21:07:19","modified_gmt":"2020-11-17T21:07:19","slug":"pt-e-pc-do-b-confirmam-apoio-a-jose-sarto-no-segundo-turno-em-fortaleza","status":"publish","type":"post","link":"https:\/\/blogdorogeriogomes.com.br\/noticias\/2020\/11\/pt-e-pc-do-b-confirmam-apoio-a-jose-sarto-no-segundo-turno-em-fortaleza\/","title":{"rendered":"PT e PC do B confirmam apoio a Jos\u00e9 Sarto no segundo turno em Fortaleza"},"content":{"rendered":"\n<p>O PT se posicionou oficialmente nesta ter\u00e7a-feira, dia 17 de novembro, no apoio \u00e0 candidatura de Jos\u00e9 Sarto (PDT) na disputa do segundo turno das elei\u00e7\u00f5es para Prefeitura de Fortaleza. A candidata da legenda, Luizianne Lins, conquistou 17,76% dos votos na Capital. Com o apoio do governador Camilo Santana e de outras lideran\u00e7as petistas, a tend\u00eancia j\u00e1 era de que a parceria fosse oficializada. Luizianne n\u00e3o participou do encontro da c\u00fapula do PT municipal que definiu fechar o apoio a Jos\u00e9 Sarto.<\/p>\n\n\n\n<p>Em nota, o partido agradeceu &#8220;o reconhecimento do povo de Fortaleza pela expressiva vota\u00e7\u00e3o alcan\u00e7ada&#8221; pela chapa tanto para a prefeitura quanto para a C\u00e2mara Municipal e enfatizou que o apoio ocorre especialmente para travar oposi\u00e7\u00e3o ao bolsonarismo. &#8220;Acima de tudo, o PT tem a responsabilidade pol\u00edtica de combater o projeto fascista de Bolsonaro e seus retrocessos para a classe trabalhadora. N\u00e3o nos omitiremos dessa tarefa&#8221;, aponta o texto.<\/p>\n\n\n\n<p>Em live realizada na \u00faltima segunda-feira, Capit\u00e3o Wagner (Pros) havia subido os tons das cr\u00edticas ao governador Camilo Santana, o acusando de n\u00e3o ter apoiado de forma enf\u00e1tica a candidatura de Luizianne Lins sob orienta\u00e7\u00e3o dos Ferreira Gomes. Apesar de ter buscado aproxima\u00e7\u00e3o de Luizianne, Wagner n\u00e3o avan\u00e7ou na conquista de apoio do partido.<\/p>\n\n\n\n<p>O PCdoB foi outro partido a declarar apoio \u00e0 Sarto para o segundo turno, tamb\u00e9m sob a justificativa de derrotar &#8220;Bolsonaro e seus candidatos&#8221; no Cear\u00e1. Heitor F\u00e9rrer (SD) divulgou sua neutralidade para o pleito.<\/p>\n\n\n\n<figure class=\"wp-block-image size-large\"><img loading=\"lazy\" decoding=\"async\" width=\"678\" height=\"452\" src=\"https:\/\/blogdorogeriogomes.com.br\/wp-content\/uploads\/2020\/11\/images-11.jpeg\" alt=\"\" class=\"wp-image-19072\" srcset=\"https:\/\/blogdorogeriogomes.com.br\/noticias\/wp-content\/uploads\/2020\/11\/images-11.jpeg 678w, https:\/\/blogdorogeriogomes.com.br\/noticias\/wp-content\/uploads\/2020\/11\/images-11-300x200.jpeg 300w\" sizes=\"auto, (max-width: 678px) 100vw, 678px\" \/><\/figure>\n","protected":false},"excerpt":{"rendered":"<p>O PT se posicionou oficialmente nesta ter\u00e7a-feira, dia 17 de novembro, no apoio \u00e0 candidatura de Jos\u00e9 Sarto (PDT) na disputa do segundo turno das elei\u00e7\u00f5es para Prefeitura de Fortaleza. A candidata da legenda, Luizianne Lins, conquistou 17,76% dos votos na Capital. Com o apoio do governador Camilo Santana e de outras lideran\u00e7as petistas, a tend\u00eancia j\u00e1 era de que a parceria fosse oficializada. Luizianne n\u00e3o participou do encontro da c\u00fapula do PT municipal que definiu fechar o apoio&hellip;<\/p>\n","protected":false},"author":1,"featured_media":19072,"comment_status":"open","ping_status":"open","sticky":false,"template":"","format":"standard","meta":{"footnotes":""},"categories":[1],"tags":[],"class_list":["post-19071","post","type-post","status-publish","format-standard","has-post-thumbnail","hentry","category-noticias"],"_links":{"self":[{"href":"https:\/\/blogdorogeriogomes.com.br\/noticias\/wp-json\/wp\/v2\/posts\/19071","targetHints":{"allow":["GET"]}}],"collection":[{"href":"https:\/\/blogdorogeriogomes.com.br\/noticias\/wp-json\/wp\/v2\/posts"}],"about":[{"href":"https:\/\/blogdorogeriogomes.com.br\/noticias\/wp-json\/wp\/v2\/types\/post"}],"author":[{"embeddable":true,"href":"https:\/\/blogdorogeriogomes.com.br\/noticias\/wp-json\/wp\/v2\/users\/1"}],"replies":[{"embeddable":true,"href":"https:\/\/blogdorogeriogomes.com.br\/noticias\/wp-json\/wp\/v2\/comments?post=19071"}],"version-history":[{"count":1,"href":"https:\/\/blogdorogeriogomes.com.br\/noticias\/wp-json\/wp\/v2\/posts\/19071\/revisions"}],"predecessor-version":[{"id":19073,"href":"https:\/\/blogdorogeriogomes.com.br\/noticias\/wp-json\/wp\/v2\/posts\/19071\/revisions\/19073"}],"wp:featuredmedia":[{"embeddable":true,"href":"https:\/\/blogdorogeriogomes.com.br\/noticias\/wp-json\/wp\/v2\/media\/19072"}],"wp:attachment":[{"href":"https:\/\/blogdorogeriogomes.com.br\/noticias\/wp-json\/wp\/v2\/media?parent=19071"}],"wp:term":[{"taxonomy":"category","embeddable":true,"href":"https:\/\/blogdorogeriogomes.com.br\/noticias\/wp-json\/wp\/v2\/categories?post=19071"},{"taxonomy":"post_tag","embeddable":true,"href":"https:\/\/blogdorogeriogomes.com.br\/noticias\/wp-json\/wp\/v2\/tags?post=19071"}],"curies":[{"name":"wp","href":"https:\/\/api.w.org\/{rel}","templated":true}]}}