{"id":19083,"date":"2020-11-18T09:53:46","date_gmt":"2020-11-18T09:53:46","guid":{"rendered":"https:\/\/blogdorogeriogomes.com.br\/?p=19083"},"modified":"2020-11-19T00:05:11","modified_gmt":"2020-11-19T00:05:11","slug":"sarto-recebe-adesao-do-psol-e-reune-vereadores-eleitos-wagner-diz-que-anunciara-novos-apoioadores","status":"publish","type":"post","link":"https:\/\/blogdorogeriogomes.com.br\/noticias\/2020\/11\/sarto-recebe-adesao-do-psol-e-reune-vereadores-eleitos-wagner-diz-que-anunciara-novos-apoioadores\/","title":{"rendered":"Sarto recebe ades\u00e3o do PSOL e re\u00fane vereadores eleitos. Wagner diz que anunciar\u00e1 novos apoioadores"},"content":{"rendered":"\n<p>Com uma campanha de 2\u00b0 turno muito curta, os candidatos \u00e0 Prefeitura de Fortaleza, Jos\u00e9 Sarto (PDT) e Capit\u00e3o Wagner (Pros), v\u00e3o fechando um novo arco de alian\u00e7a. Depois do PT e PC do B, Sarto recebeu a ades\u00e3o do PSOL, que teve como candidato o deputado estadual Renato Roseno. &#8220;O Psol far\u00e1 campanha para derrotar o Capit\u00e3o Wagner, candidato de Bolsonaro, chamando o voto em Sarto&#8221;, disse Roseno. <\/p>\n\n\n\n<p>Nesta ter\u00e7a-feira, dia 17 de novembro, Jos\u00e9 Sarto reuniu vereadores eleitos por partidos que integram a coliga\u00e7\u00e3o majorit\u00e1ria. Acompanhado do prefeito de Fortaleza, Roberto Cl\u00e1udio (PDT), Sarto defendeu a uni\u00e3o, enfatizou parceria com o governador Camilo Santana (PT) e fez uma convoca\u00e7\u00e3o aos parlamentares para continuarem defendendo o projeto que vai garantir conquistas e levar a Capital a avan\u00e7ar cada vez mais.<\/p>\n\n\n\n<p>Por outro lado, Capit\u00e3o Wagner (Pros) busca apoio de vereadores e lideran\u00e7as comunit\u00e1rias. Nesta quarta-feira, dia 18, o candidato do Pros promete anunciar novos apoiadores para a campanha do 2\u00b0 turno. <\/p>\n\n\n\n<figure class=\"wp-block-image size-large\"><img loading=\"lazy\" decoding=\"async\" width=\"892\" height=\"643\" src=\"https:\/\/blogdorogeriogomes.com.br\/wp-content\/uploads\/2020\/11\/IMG-20201117-WA0147.jpg\" alt=\"\" class=\"wp-image-19084\" srcset=\"https:\/\/blogdorogeriogomes.com.br\/noticias\/wp-content\/uploads\/2020\/11\/IMG-20201117-WA0147.jpg 892w, https:\/\/blogdorogeriogomes.com.br\/noticias\/wp-content\/uploads\/2020\/11\/IMG-20201117-WA0147-300x216.jpg 300w, https:\/\/blogdorogeriogomes.com.br\/noticias\/wp-content\/uploads\/2020\/11\/IMG-20201117-WA0147-768x554.jpg 768w, https:\/\/blogdorogeriogomes.com.br\/noticias\/wp-content\/uploads\/2020\/11\/IMG-20201117-WA0147-800x577.jpg 800w\" sizes=\"auto, (max-width: 892px) 100vw, 892px\" \/><\/figure>\n\n\n\n<figure class=\"wp-block-image size-large\"><img loading=\"lazy\" decoding=\"async\" width=\"765\" height=\"401\" src=\"https:\/\/blogdorogeriogomes.com.br\/wp-content\/uploads\/2020\/11\/images-13.jpeg\" alt=\"\" class=\"wp-image-19085\" srcset=\"https:\/\/blogdorogeriogomes.com.br\/noticias\/wp-content\/uploads\/2020\/11\/images-13.jpeg 765w, https:\/\/blogdorogeriogomes.com.br\/noticias\/wp-content\/uploads\/2020\/11\/images-13-300x157.jpeg 300w\" sizes=\"auto, (max-width: 765px) 100vw, 765px\" \/><\/figure>\n","protected":false},"excerpt":{"rendered":"<p>Com uma campanha de 2\u00b0 turno muito curta, os candidatos \u00e0 Prefeitura de Fortaleza, Jos\u00e9 Sarto (PDT) e Capit\u00e3o Wagner (Pros), v\u00e3o fechando um novo arco de alian\u00e7a. Depois do PT e PC do B, Sarto recebeu a ades\u00e3o do PSOL, que teve como candidato o deputado estadual Renato Roseno. &#8220;O Psol far\u00e1 campanha para derrotar o Capit\u00e3o Wagner, candidato de Bolsonaro, chamando o voto em Sarto&#8221;, disse Roseno. Nesta ter\u00e7a-feira, dia 17 de novembro, Jos\u00e9 Sarto reuniu vereadores&hellip;<\/p>\n","protected":false},"author":1,"featured_media":19084,"comment_status":"open","ping_status":"open","sticky":false,"template":"","format":"standard","meta":{"footnotes":""},"categories":[1],"tags":[],"class_list":["post-19083","post","type-post","status-publish","format-standard","has-post-thumbnail","hentry","category-noticias"],"_links":{"self":[{"href":"https:\/\/blogdorogeriogomes.com.br\/noticias\/wp-json\/wp\/v2\/posts\/19083","targetHints":{"allow":["GET"]}}],"collection":[{"href":"https:\/\/blogdorogeriogomes.com.br\/noticias\/wp-json\/wp\/v2\/posts"}],"about":[{"href":"https:\/\/blogdorogeriogomes.com.br\/noticias\/wp-json\/wp\/v2\/types\/post"}],"author":[{"embeddable":true,"href":"https:\/\/blogdorogeriogomes.com.br\/noticias\/wp-json\/wp\/v2\/users\/1"}],"replies":[{"embeddable":true,"href":"https:\/\/blogdorogeriogomes.com.br\/noticias\/wp-json\/wp\/v2\/comments?post=19083"}],"version-history":[{"count":1,"href":"https:\/\/blogdorogeriogomes.com.br\/noticias\/wp-json\/wp\/v2\/posts\/19083\/revisions"}],"predecessor-version":[{"id":19086,"href":"https:\/\/blogdorogeriogomes.com.br\/noticias\/wp-json\/wp\/v2\/posts\/19083\/revisions\/19086"}],"wp:featuredmedia":[{"embeddable":true,"href":"https:\/\/blogdorogeriogomes.com.br\/noticias\/wp-json\/wp\/v2\/media\/19084"}],"wp:attachment":[{"href":"https:\/\/blogdorogeriogomes.com.br\/noticias\/wp-json\/wp\/v2\/media?parent=19083"}],"wp:term":[{"taxonomy":"category","embeddable":true,"href":"https:\/\/blogdorogeriogomes.com.br\/noticias\/wp-json\/wp\/v2\/categories?post=19083"},{"taxonomy":"post_tag","embeddable":true,"href":"https:\/\/blogdorogeriogomes.com.br\/noticias\/wp-json\/wp\/v2\/tags?post=19083"}],"curies":[{"name":"wp","href":"https:\/\/api.w.org\/{rel}","templated":true}]}}