{"id":19088,"date":"2020-11-18T16:07:44","date_gmt":"2020-11-18T16:07:44","guid":{"rendered":"https:\/\/blogdorogeriogomes.com.br\/?p=19088"},"modified":"2020-11-19T00:04:59","modified_gmt":"2020-11-19T00:04:59","slug":"em-caucaia-candidatos-a-prefeito-naumi-amorim-e-vitor-valim-acertam-aliancas-para-o-segundo-turno","status":"publish","type":"post","link":"https:\/\/blogdorogeriogomes.com.br\/noticias\/2020\/11\/em-caucaia-candidatos-a-prefeito-naumi-amorim-e-vitor-valim-acertam-aliancas-para-o-segundo-turno\/","title":{"rendered":"Em Caucaia, candidatos \u00e0 prefeito Naumi Amorim e Vitor Valim acertam alian\u00e7as para o segundo turno"},"content":{"rendered":"\n<p>O segundo turno em Caucaia, na Regi\u00e3o Metropolitana de Fortaleza, movimenta as articula\u00e7\u00f5es e alian\u00e7as pol\u00edticas para a disputa entre Naumi Amorim (PSD) e Vitor Valim (Pros). Naumi totalizou 69.262 votos (40,93%) e Valim somou 47.171 (27,87%). O cen\u00e1rio exige estrat\u00e9gia, em especial, da oposi\u00e7\u00e3o ao atual prefeito do PSD, que larga na frente na inten\u00e7\u00e3o dos eleitores do munic\u00edpio por sua reelei\u00e7\u00e3o. Caucaia \u00e9 o \u00fanico munic\u00edpio cearense, fora a Capital, a ter a realiza\u00e7\u00e3o do segundo turno das Elei\u00e7\u00f5es 2020.<\/p>\n\n\n\n<p>Naumi tem o apoio do governador Camilo Santana (PT). A legenda do chefe executivo estadual tamb\u00e9m oficializou que estar\u00e1 contra o partido apoiado por Bolsonaro no Cear\u00e1. Candidato petista em Caucaia, Elmano de Freitas foi o 4\u00ba mais votado pela popula\u00e7\u00e3o, com 7,67% (13.018 votos v\u00e1lidos). O PCdoB tamb\u00e9m estar\u00e1 na base de Naumi.<\/p>\n\n\n\n<p>\u00c0 frente de Elmano esteve Em\u00edlia Pessoa (PSDB), com 32.492 votos (19,20%). Ela estar\u00e1 ao lado de Vitor Valim no segundo turno. A alian\u00e7a foi articulada por Roberto Pessoa (PSDB), que ser\u00e1 mais uma vez prefeito de Maracana\u00fa, eleito em turno \u00fanico. O senador Eduardo Gir\u00e3o (Podemos) \u00e9 o principal apoiador das candidaturas do Pros na Capital e Regi\u00e3o Metropolitana.<\/p>\n\n\n\n<p>Partidos que estiveram no pleito municipal em Caucaia, PMB, PSOL e PMN ainda n\u00e3o declararam quem apoiar\u00e3o at\u00e9 o dia 29 de novembro. Vale lembrar que o vice de Valim \u00e9 do Republicanos, Deuzinho Filho, e o vice de Naumi, En\u00e9as Goes, integra o PSL de Caucaia. Ciro Gomes (PDT) esteve no apoio de Elmano de Freitas, mas ainda n\u00e3o manifestou abertamente a sua nova posi\u00e7\u00e3o.<\/p>\n\n\n\n<figure class=\"wp-block-image size-large\"><img loading=\"lazy\" decoding=\"async\" width=\"1000\" height=\"1000\" src=\"https:\/\/blogdorogeriogomes.com.br\/wp-content\/uploads\/2020\/11\/36afe7bf76ce2b510b49769c3f433b0e.jpeg\" alt=\"\" class=\"wp-image-19089\" srcset=\"https:\/\/blogdorogeriogomes.com.br\/noticias\/wp-content\/uploads\/2020\/11\/36afe7bf76ce2b510b49769c3f433b0e.jpeg 1000w, https:\/\/blogdorogeriogomes.com.br\/noticias\/wp-content\/uploads\/2020\/11\/36afe7bf76ce2b510b49769c3f433b0e-300x300.jpeg 300w, https:\/\/blogdorogeriogomes.com.br\/noticias\/wp-content\/uploads\/2020\/11\/36afe7bf76ce2b510b49769c3f433b0e-150x150.jpeg 150w, https:\/\/blogdorogeriogomes.com.br\/noticias\/wp-content\/uploads\/2020\/11\/36afe7bf76ce2b510b49769c3f433b0e-768x768.jpeg 768w, https:\/\/blogdorogeriogomes.com.br\/noticias\/wp-content\/uploads\/2020\/11\/36afe7bf76ce2b510b49769c3f433b0e-800x800.jpeg 800w, https:\/\/blogdorogeriogomes.com.br\/noticias\/wp-content\/uploads\/2020\/11\/36afe7bf76ce2b510b49769c3f433b0e-250x250.jpeg 250w\" sizes=\"auto, (max-width: 1000px) 100vw, 1000px\" \/><\/figure>\n","protected":false},"excerpt":{"rendered":"<p>O segundo turno em Caucaia, na Regi\u00e3o Metropolitana de Fortaleza, movimenta as articula\u00e7\u00f5es e alian\u00e7as pol\u00edticas para a disputa entre Naumi Amorim (PSD) e Vitor Valim (Pros). Naumi totalizou 69.262 votos (40,93%) e Valim somou 47.171 (27,87%). O cen\u00e1rio exige estrat\u00e9gia, em especial, da oposi\u00e7\u00e3o ao atual prefeito do PSD, que larga na frente na inten\u00e7\u00e3o dos eleitores do munic\u00edpio por sua reelei\u00e7\u00e3o. Caucaia \u00e9 o \u00fanico munic\u00edpio cearense, fora a Capital, a ter a realiza\u00e7\u00e3o do segundo turno&hellip;<\/p>\n","protected":false},"author":1,"featured_media":19089,"comment_status":"open","ping_status":"open","sticky":false,"template":"","format":"standard","meta":{"footnotes":""},"categories":[1],"tags":[],"class_list":["post-19088","post","type-post","status-publish","format-standard","has-post-thumbnail","hentry","category-noticias"],"_links":{"self":[{"href":"https:\/\/blogdorogeriogomes.com.br\/noticias\/wp-json\/wp\/v2\/posts\/19088","targetHints":{"allow":["GET"]}}],"collection":[{"href":"https:\/\/blogdorogeriogomes.com.br\/noticias\/wp-json\/wp\/v2\/posts"}],"about":[{"href":"https:\/\/blogdorogeriogomes.com.br\/noticias\/wp-json\/wp\/v2\/types\/post"}],"author":[{"embeddable":true,"href":"https:\/\/blogdorogeriogomes.com.br\/noticias\/wp-json\/wp\/v2\/users\/1"}],"replies":[{"embeddable":true,"href":"https:\/\/blogdorogeriogomes.com.br\/noticias\/wp-json\/wp\/v2\/comments?post=19088"}],"version-history":[{"count":1,"href":"https:\/\/blogdorogeriogomes.com.br\/noticias\/wp-json\/wp\/v2\/posts\/19088\/revisions"}],"predecessor-version":[{"id":19090,"href":"https:\/\/blogdorogeriogomes.com.br\/noticias\/wp-json\/wp\/v2\/posts\/19088\/revisions\/19090"}],"wp:featuredmedia":[{"embeddable":true,"href":"https:\/\/blogdorogeriogomes.com.br\/noticias\/wp-json\/wp\/v2\/media\/19089"}],"wp:attachment":[{"href":"https:\/\/blogdorogeriogomes.com.br\/noticias\/wp-json\/wp\/v2\/media?parent=19088"}],"wp:term":[{"taxonomy":"category","embeddable":true,"href":"https:\/\/blogdorogeriogomes.com.br\/noticias\/wp-json\/wp\/v2\/categories?post=19088"},{"taxonomy":"post_tag","embeddable":true,"href":"https:\/\/blogdorogeriogomes.com.br\/noticias\/wp-json\/wp\/v2\/tags?post=19088"}],"curies":[{"name":"wp","href":"https:\/\/api.w.org\/{rel}","templated":true}]}}