{"id":19099,"date":"2020-11-19T09:51:15","date_gmt":"2020-11-19T09:51:15","guid":{"rendered":"https:\/\/blogdorogeriogomes.com.br\/?p=19099"},"modified":"2020-11-19T15:38:29","modified_gmt":"2020-11-19T15:38:29","slug":"camilo-santana-usa-as-redes-sociais-para-declarar-apoio-a-boulos-marilia-arraes-e-manuela-d-avila","status":"publish","type":"post","link":"https:\/\/blogdorogeriogomes.com.br\/noticias\/2020\/11\/camilo-santana-usa-as-redes-sociais-para-declarar-apoio-a-boulos-marilia-arraes-e-manuela-d-avila\/","title":{"rendered":"Camilo Santana usa as redes sociais para declarar apoio a Boulos, Mar\u00edlia Arraes e Manuela D&#8217; \u00c1vila"},"content":{"rendered":"\n<p>O governador do Cear\u00e1, Camilo Santana, utilizou as redes sociais para declarar apoio \u00e0s candidaturas de Guilherme Boulos (PSOL) em S\u00e3o Paulo, Mar\u00edlia Arraes (PT) no Recife, Manuela D&#8217;\u00c1vila (PCDoB) em Porto Alegre e Jos\u00e9 Sarto (PDT) em Fortaleza no segundo turno das elei\u00e7\u00f5es municipais.&nbsp;Ele publicou fotos junto \u00e0s quatro lideran\u00e7as pol\u00edticas.<\/p>\n\n\n\n<p>Camilo Santana avalia que as quatro candidaturas representam a defesa da &#8220;democracia plena. Por isso contam com minha torcida e apoio\u201d, destacou o governador cearense.<\/p>\n\n\n\n<figure class=\"wp-block-image size-large\"><img loading=\"lazy\" decoding=\"async\" width=\"610\" height=\"380\" src=\"https:\/\/blogdorogeriogomes.com.br\/wp-content\/uploads\/2020\/11\/20201118211112_32c245a5-9612-4bb2-9c07-f214b4f69812.png\" alt=\"\" class=\"wp-image-19100\" srcset=\"https:\/\/blogdorogeriogomes.com.br\/noticias\/wp-content\/uploads\/2020\/11\/20201118211112_32c245a5-9612-4bb2-9c07-f214b4f69812.png 610w, https:\/\/blogdorogeriogomes.com.br\/noticias\/wp-content\/uploads\/2020\/11\/20201118211112_32c245a5-9612-4bb2-9c07-f214b4f69812-300x187.png 300w\" sizes=\"auto, (max-width: 610px) 100vw, 610px\" \/><\/figure>\n","protected":false},"excerpt":{"rendered":"<p>O governador do Cear\u00e1, Camilo Santana, utilizou as redes sociais para declarar apoio \u00e0s candidaturas de Guilherme Boulos (PSOL) em S\u00e3o Paulo, Mar\u00edlia Arraes (PT) no Recife, Manuela D&#8217;\u00c1vila (PCDoB) em Porto Alegre e Jos\u00e9 Sarto (PDT) em Fortaleza no segundo turno das elei\u00e7\u00f5es municipais.&nbsp;Ele publicou fotos junto \u00e0s quatro lideran\u00e7as pol\u00edticas. Camilo Santana avalia que as quatro candidaturas representam a defesa da &#8220;democracia plena. Por isso contam com minha torcida e apoio\u201d, destacou o governador cearense.<\/p>\n","protected":false},"author":1,"featured_media":19100,"comment_status":"open","ping_status":"open","sticky":false,"template":"","format":"standard","meta":{"footnotes":""},"categories":[1],"tags":[],"class_list":["post-19099","post","type-post","status-publish","format-standard","has-post-thumbnail","hentry","category-noticias"],"_links":{"self":[{"href":"https:\/\/blogdorogeriogomes.com.br\/noticias\/wp-json\/wp\/v2\/posts\/19099","targetHints":{"allow":["GET"]}}],"collection":[{"href":"https:\/\/blogdorogeriogomes.com.br\/noticias\/wp-json\/wp\/v2\/posts"}],"about":[{"href":"https:\/\/blogdorogeriogomes.com.br\/noticias\/wp-json\/wp\/v2\/types\/post"}],"author":[{"embeddable":true,"href":"https:\/\/blogdorogeriogomes.com.br\/noticias\/wp-json\/wp\/v2\/users\/1"}],"replies":[{"embeddable":true,"href":"https:\/\/blogdorogeriogomes.com.br\/noticias\/wp-json\/wp\/v2\/comments?post=19099"}],"version-history":[{"count":2,"href":"https:\/\/blogdorogeriogomes.com.br\/noticias\/wp-json\/wp\/v2\/posts\/19099\/revisions"}],"predecessor-version":[{"id":19105,"href":"https:\/\/blogdorogeriogomes.com.br\/noticias\/wp-json\/wp\/v2\/posts\/19099\/revisions\/19105"}],"wp:featuredmedia":[{"embeddable":true,"href":"https:\/\/blogdorogeriogomes.com.br\/noticias\/wp-json\/wp\/v2\/media\/19100"}],"wp:attachment":[{"href":"https:\/\/blogdorogeriogomes.com.br\/noticias\/wp-json\/wp\/v2\/media?parent=19099"}],"wp:term":[{"taxonomy":"category","embeddable":true,"href":"https:\/\/blogdorogeriogomes.com.br\/noticias\/wp-json\/wp\/v2\/categories?post=19099"},{"taxonomy":"post_tag","embeddable":true,"href":"https:\/\/blogdorogeriogomes.com.br\/noticias\/wp-json\/wp\/v2\/tags?post=19099"}],"curies":[{"name":"wp","href":"https:\/\/api.w.org\/{rel}","templated":true}]}}