{"id":19102,"date":"2020-11-19T15:21:40","date_gmt":"2020-11-19T15:21:40","guid":{"rendered":"https:\/\/blogdorogeriogomes.com.br\/?p=19102"},"modified":"2020-11-19T16:55:24","modified_gmt":"2020-11-19T16:55:24","slug":"pf-prende-ex-deputado-no-ceara-dentro-da-operacao-km-livre-que-investiga-contratos-de-locacao-de-veiculos","status":"publish","type":"post","link":"https:\/\/blogdorogeriogomes.com.br\/noticias\/2020\/11\/pf-prende-ex-deputado-no-ceara-dentro-da-operacao-km-livre-que-investiga-contratos-de-locacao-de-veiculos\/","title":{"rendered":"PF prende ex-deputado no Cear\u00e1 dentro da Opera\u00e7\u00e3o KM Livre que investiga contratos de loca\u00e7\u00e3o de ve\u00edculos"},"content":{"rendered":"\n<p>A Pol\u00edcia Federal cumpriu, na manh\u00e3 desta quinta-feira, dia 19 de novembro, 27 mandados de busca e apreens\u00e3o. Em atua\u00e7\u00e3o conjunta com a Controladoria Geral da Uni\u00e3o (CGU), a a\u00e7\u00e3o corresponde \u00e0 segunda fase da Opera\u00e7\u00e3o KM Livre, que investiga suspeitas de fraudes na contrata\u00e7\u00e3o de servi\u00e7os de loca\u00e7\u00e3o de ve\u00edculos e motocicletas. A deflagra\u00e7\u00e3o ocorre em Fortaleza, Russas, Caucaia, Mossor\u00f3 e Rio de Janeiro. Na capital cearense, a PF prendeu um ex-deputado federal e estadual do Cear\u00e1 na posse de R$ 2 milh\u00f5es em esp\u00e9cie, na sede de uma das empresas de loca\u00e7\u00e3o de ve\u00edculos, no Bairro de F\u00e1tima.<\/p>\n\n\n\n<p>Segundo a PF, o acusado seria respons\u00e1vel por contratos envolvendo servi\u00e7os prestados para a Prefeitura de Fortaleza nos \u00faltimos 20 anos envolvendo v\u00e1rias gest\u00f5es. A identidade do ex-parlamentar n\u00e3o foi divulgada. <\/p>\n\n\n\n<p>Em 2016, a primeira fase da Opera\u00e7\u00e3o KM Livre apreendeu R$ 5,9 milh\u00f5es numa locadora de ve\u00edculos pertencente \u00e0 fam\u00edlia do ex-deputado federal e ex-deputado estadual, Adail Carneiro (PP). Em 2008, Carneiro foi candidato a vice-prefeito de Russas, onde a investiga\u00e7\u00e3o tamb\u00e9m cumpre mandado.<\/p>\n\n\n\n<p>Segundo a Pol\u00edcia Federal, a deflagra\u00e7\u00e3o mostra que, a partir dos valores apreendidos, documentos e dados coletados na primeira fase, foi poss\u00edvel verificar a atua\u00e7\u00e3o de uma organiza\u00e7\u00e3o criminosa na cria\u00e7\u00e3o de empresas que serviram de &#8220;laranjas&#8221; para o processo fraudulento, que tamb\u00e9m contou com lavagem de dinheiro por meio de aquisi\u00e7\u00e3o de im\u00f3veis e transa\u00e7\u00f5es no mercado financeiro.<\/p>\n\n\n\n<p>Em nota, a &#8220;Prefeitura de Fortaleza considerou n\u00e3o saber do que trata a opera\u00e7\u00e3o, visto referir-se apenas de uma investiga\u00e7\u00e3o em torno de uma empresa privada, sem que nenhum servidor p\u00fablico municipal ou \u00f3rg\u00e3o da administra\u00e7\u00e3o do Munic\u00edpio tenha sido alvo da opera\u00e7\u00e3o. Como sempre, a gest\u00e3o posiciona-se em apoio a toda e qualquer opera\u00e7\u00e3o s\u00e9ria e isenta que investigue o uso de recursos p\u00fablicos&#8221;.<\/p>\n\n\n\n<figure class=\"wp-block-image size-large\"><img loading=\"lazy\" decoding=\"async\" width=\"750\" height=\"500\" src=\"https:\/\/blogdorogeriogomes.com.br\/wp-content\/uploads\/2020\/11\/1_empresa_bairro_de_fatima_divulgacao_pf-14125711.jpeg\" alt=\"\" class=\"wp-image-19103\" srcset=\"https:\/\/blogdorogeriogomes.com.br\/noticias\/wp-content\/uploads\/2020\/11\/1_empresa_bairro_de_fatima_divulgacao_pf-14125711.jpeg 750w, https:\/\/blogdorogeriogomes.com.br\/noticias\/wp-content\/uploads\/2020\/11\/1_empresa_bairro_de_fatima_divulgacao_pf-14125711-300x200.jpeg 300w\" sizes=\"auto, (max-width: 750px) 100vw, 750px\" \/><\/figure>\n","protected":false},"excerpt":{"rendered":"<p>A Pol\u00edcia Federal cumpriu, na manh\u00e3 desta quinta-feira, dia 19 de novembro, 27 mandados de busca e apreens\u00e3o. Em atua\u00e7\u00e3o conjunta com a Controladoria Geral da Uni\u00e3o (CGU), a a\u00e7\u00e3o corresponde \u00e0 segunda fase da Opera\u00e7\u00e3o KM Livre, que investiga suspeitas de fraudes na contrata\u00e7\u00e3o de servi\u00e7os de loca\u00e7\u00e3o de ve\u00edculos e motocicletas. A deflagra\u00e7\u00e3o ocorre em Fortaleza, Russas, Caucaia, Mossor\u00f3 e Rio de Janeiro. Na capital cearense, a PF prendeu um ex-deputado federal e estadual do Cear\u00e1 na&hellip;<\/p>\n","protected":false},"author":1,"featured_media":19103,"comment_status":"open","ping_status":"open","sticky":false,"template":"","format":"standard","meta":{"footnotes":""},"categories":[1],"tags":[],"class_list":["post-19102","post","type-post","status-publish","format-standard","has-post-thumbnail","hentry","category-noticias"],"_links":{"self":[{"href":"https:\/\/blogdorogeriogomes.com.br\/noticias\/wp-json\/wp\/v2\/posts\/19102","targetHints":{"allow":["GET"]}}],"collection":[{"href":"https:\/\/blogdorogeriogomes.com.br\/noticias\/wp-json\/wp\/v2\/posts"}],"about":[{"href":"https:\/\/blogdorogeriogomes.com.br\/noticias\/wp-json\/wp\/v2\/types\/post"}],"author":[{"embeddable":true,"href":"https:\/\/blogdorogeriogomes.com.br\/noticias\/wp-json\/wp\/v2\/users\/1"}],"replies":[{"embeddable":true,"href":"https:\/\/blogdorogeriogomes.com.br\/noticias\/wp-json\/wp\/v2\/comments?post=19102"}],"version-history":[{"count":2,"href":"https:\/\/blogdorogeriogomes.com.br\/noticias\/wp-json\/wp\/v2\/posts\/19102\/revisions"}],"predecessor-version":[{"id":19106,"href":"https:\/\/blogdorogeriogomes.com.br\/noticias\/wp-json\/wp\/v2\/posts\/19102\/revisions\/19106"}],"wp:featuredmedia":[{"embeddable":true,"href":"https:\/\/blogdorogeriogomes.com.br\/noticias\/wp-json\/wp\/v2\/media\/19103"}],"wp:attachment":[{"href":"https:\/\/blogdorogeriogomes.com.br\/noticias\/wp-json\/wp\/v2\/media?parent=19102"}],"wp:term":[{"taxonomy":"category","embeddable":true,"href":"https:\/\/blogdorogeriogomes.com.br\/noticias\/wp-json\/wp\/v2\/categories?post=19102"},{"taxonomy":"post_tag","embeddable":true,"href":"https:\/\/blogdorogeriogomes.com.br\/noticias\/wp-json\/wp\/v2\/tags?post=19102"}],"curies":[{"name":"wp","href":"https:\/\/api.w.org\/{rel}","templated":true}]}}