{"id":19107,"date":"2020-11-19T19:12:23","date_gmt":"2020-11-19T19:12:23","guid":{"rendered":"https:\/\/blogdorogeriogomes.com.br\/?p=19107"},"modified":"2020-11-20T12:24:02","modified_gmt":"2020-11-20T12:24:02","slug":"camilo-ciro-e-cid-recebem-rodrigo-maia-no-ceara-em-meio-ao-confronto-com-o-bolsonarismo-nas-eleicoes","status":"publish","type":"post","link":"https:\/\/blogdorogeriogomes.com.br\/noticias\/2020\/11\/camilo-ciro-e-cid-recebem-rodrigo-maia-no-ceara-em-meio-ao-confronto-com-o-bolsonarismo-nas-eleicoes\/","title":{"rendered":"Camilo, Ciro e Cid recebem Rodrigo Maia no Cear\u00e1 em meio ao confronto com o bolsonarismo nas elei\u00e7\u00f5es"},"content":{"rendered":"\n<p>Diante do cen\u00e1rio de elei\u00e7\u00f5es municipais aquecido pelo confronto a candidaturas bolsonaristas, o presidente da C\u00e2mara Federal, Rodrigo Maia (DEM), foi recebido em Fortaleza nesta quinta-feira, dia 19 de novembro, pelo governador Camilo Santana (PT), Ciro Gomes (PDT) e o senador Cid Gomes (PDT). A visita do deputado em posi\u00e7\u00e3o estrat\u00e9gica ao Estado foi cercada de articula\u00e7\u00f5es sobre sa\u00eddas para o desenvolvimento econ\u00f4mico e projetos hoje em curso na esfera federal.<\/p>\n\n\n\n<p>Camilo recebeu Rodrigo Maia em seu gabinete no Pal\u00e1cio da Aboli\u00e7\u00e3o para uma reuni\u00e3o junto a representantes cearenses em Bras\u00edlia. Cid Gomes, os deputados federais Jos\u00e9 Guimar\u00e3es (PT) e Mauro Filho (PDT), al\u00e9m do presidente estadual do DEM, Chiquinho Feitosa, participaram do encontro.<\/p>\n\n\n\n<p>Maia participou de almo\u00e7o com o governador do Cear\u00e1 e Ciro Gomes. Em suas redes, Ciro destacou que o encontro teve o prop\u00f3sito de firmar alian\u00e7as que tragam garantias democr\u00e1ticas para o pa\u00eds. &#8220;Proteger a democracia, conter danos diante da amea\u00e7a do governo Bolsonaro que est\u00e1 destruindo a economia brasileira. Dialogar com abertura e pluralismo na frente do povo&#8221;, escreveu.<\/p>\n\n\n\n<p>O presidente da C\u00e2mara tem se posicionado contra atitudes do presidente Jair Bolsonaro em meio \u00e0 pandemia da Covid-19, como o negacionismo, a oposi\u00e7\u00e3o ao desenvolvimento de vacinas, assim como medidas no campo econ\u00f4mico e da sa\u00fade p\u00fablica.<\/p>\n\n\n\n<p>Na Capital, o grupo de Camilo, Cid e Ciro Gomes trabalha para eleger Jos\u00e9 Sarto (PDT) como sucessor de Roberto Cl\u00e1udio (PDT) na Prefeitura de Fortaleza. O confronto em segundo turno ocorre diante de Capit\u00e3o Wagner (Pros), candidato apoiado abertamente por Bolsonaro.<\/p>\n\n\n\n<figure class=\"wp-block-image size-large\"><img loading=\"lazy\" decoding=\"async\" width=\"1024\" height=\"854\" src=\"https:\/\/blogdorogeriogomes.com.br\/wp-content\/uploads\/2020\/11\/img_7068-1024x854-1.jpg\" alt=\"\" class=\"wp-image-19108\" srcset=\"https:\/\/blogdorogeriogomes.com.br\/noticias\/wp-content\/uploads\/2020\/11\/img_7068-1024x854-1.jpg 1024w, https:\/\/blogdorogeriogomes.com.br\/noticias\/wp-content\/uploads\/2020\/11\/img_7068-1024x854-1-300x250.jpg 300w, https:\/\/blogdorogeriogomes.com.br\/noticias\/wp-content\/uploads\/2020\/11\/img_7068-1024x854-1-768x641.jpg 768w, https:\/\/blogdorogeriogomes.com.br\/noticias\/wp-content\/uploads\/2020\/11\/img_7068-1024x854-1-800x667.jpg 800w\" sizes=\"auto, (max-width: 1024px) 100vw, 1024px\" \/><\/figure>\n\n\n\n<figure class=\"wp-block-image size-large\"><img loading=\"lazy\" decoding=\"async\" width=\"1024\" height=\"684\" src=\"https:\/\/blogdorogeriogomes.com.br\/wp-content\/uploads\/2020\/11\/IMG-20201119-WA0133.jpg\" alt=\"\" class=\"wp-image-19109\" srcset=\"https:\/\/blogdorogeriogomes.com.br\/noticias\/wp-content\/uploads\/2020\/11\/IMG-20201119-WA0133.jpg 1024w, https:\/\/blogdorogeriogomes.com.br\/noticias\/wp-content\/uploads\/2020\/11\/IMG-20201119-WA0133-300x200.jpg 300w, https:\/\/blogdorogeriogomes.com.br\/noticias\/wp-content\/uploads\/2020\/11\/IMG-20201119-WA0133-768x513.jpg 768w, https:\/\/blogdorogeriogomes.com.br\/noticias\/wp-content\/uploads\/2020\/11\/IMG-20201119-WA0133-800x534.jpg 800w\" sizes=\"auto, (max-width: 1024px) 100vw, 1024px\" \/><\/figure>\n","protected":false},"excerpt":{"rendered":"<p>Diante do cen\u00e1rio de elei\u00e7\u00f5es municipais aquecido pelo confronto a candidaturas bolsonaristas, o presidente da C\u00e2mara Federal, Rodrigo Maia (DEM), foi recebido em Fortaleza nesta quinta-feira, dia 19 de novembro, pelo governador Camilo Santana (PT), Ciro Gomes (PDT) e o senador Cid Gomes (PDT). A visita do deputado em posi\u00e7\u00e3o estrat\u00e9gica ao Estado foi cercada de articula\u00e7\u00f5es sobre sa\u00eddas para o desenvolvimento econ\u00f4mico e projetos hoje em curso na esfera federal. Camilo recebeu Rodrigo Maia em seu gabinete no&hellip;<\/p>\n","protected":false},"author":1,"featured_media":19109,"comment_status":"open","ping_status":"open","sticky":false,"template":"","format":"standard","meta":{"footnotes":""},"categories":[1],"tags":[],"class_list":["post-19107","post","type-post","status-publish","format-standard","has-post-thumbnail","hentry","category-noticias"],"_links":{"self":[{"href":"https:\/\/blogdorogeriogomes.com.br\/noticias\/wp-json\/wp\/v2\/posts\/19107","targetHints":{"allow":["GET"]}}],"collection":[{"href":"https:\/\/blogdorogeriogomes.com.br\/noticias\/wp-json\/wp\/v2\/posts"}],"about":[{"href":"https:\/\/blogdorogeriogomes.com.br\/noticias\/wp-json\/wp\/v2\/types\/post"}],"author":[{"embeddable":true,"href":"https:\/\/blogdorogeriogomes.com.br\/noticias\/wp-json\/wp\/v2\/users\/1"}],"replies":[{"embeddable":true,"href":"https:\/\/blogdorogeriogomes.com.br\/noticias\/wp-json\/wp\/v2\/comments?post=19107"}],"version-history":[{"count":1,"href":"https:\/\/blogdorogeriogomes.com.br\/noticias\/wp-json\/wp\/v2\/posts\/19107\/revisions"}],"predecessor-version":[{"id":19110,"href":"https:\/\/blogdorogeriogomes.com.br\/noticias\/wp-json\/wp\/v2\/posts\/19107\/revisions\/19110"}],"wp:featuredmedia":[{"embeddable":true,"href":"https:\/\/blogdorogeriogomes.com.br\/noticias\/wp-json\/wp\/v2\/media\/19109"}],"wp:attachment":[{"href":"https:\/\/blogdorogeriogomes.com.br\/noticias\/wp-json\/wp\/v2\/media?parent=19107"}],"wp:term":[{"taxonomy":"category","embeddable":true,"href":"https:\/\/blogdorogeriogomes.com.br\/noticias\/wp-json\/wp\/v2\/categories?post=19107"},{"taxonomy":"post_tag","embeddable":true,"href":"https:\/\/blogdorogeriogomes.com.br\/noticias\/wp-json\/wp\/v2\/tags?post=19107"}],"curies":[{"name":"wp","href":"https:\/\/api.w.org\/{rel}","templated":true}]}}