{"id":19112,"date":"2020-11-20T09:21:39","date_gmt":"2020-11-20T09:21:39","guid":{"rendered":"https:\/\/blogdorogeriogomes.com.br\/?p=19112"},"modified":"2020-11-20T12:23:12","modified_gmt":"2020-11-20T12:23:12","slug":"celio-studart-confirma-apoio-a-jose-sarto-no-segundo-turno-nao-e-momento-de-ser-neutro-e-depois-chorar","status":"publish","type":"post","link":"https:\/\/blogdorogeriogomes.com.br\/noticias\/2020\/11\/celio-studart-confirma-apoio-a-jose-sarto-no-segundo-turno-nao-e-momento-de-ser-neutro-e-depois-chorar\/","title":{"rendered":"C\u00e9lio Studart confirma apoio a Jos\u00e9 Sarto no segundo turno: &#8220;n\u00e3o \u00e9 momento de ser neutro e depois chorar&#8221;"},"content":{"rendered":"\n<p>O deputado federal do PV, C\u00e9lio Studart, que concorreu \u00e0 Prefeitura de Fortaleza no primeiro turno, anunciou apoio a Jos\u00e9 Sarto (PDT) no segundo turno. Ele confirmou a ades\u00e3o nesta quinta-feira, dia 19 de novembro. &#8220;N\u00e3o \u00e9 momento de ser neutro e depois chorar. \u00c9 momento de ter coragem de dizer que a \u00fanica op\u00e7\u00e3o de respeito e toler\u00e2ncia que Fortaleza tem a partir de agora \u00e9 o que devemos fazer: Sarto 12, prefeito de Fortaleza&#8221;, disse C\u00e9lio Studart.<\/p>\n\n\n\n<p>Al\u00e9m do PV, o Patriota e o Solidariedade tamb\u00e9m v\u00e3o apoiar o candidato do prefeito Roberto Cl\u00e1udio no segundo turno das elei\u00e7\u00f5es municipais em Fortaleza contra Capit\u00e3o Wagner, do Pros. Assim, Sarto re\u00fane 17 partidos em prol da sua candidatura. Dos que concorreram no primeiro turno fica de fora apenas o PSL de Heitor Freire, que decidiu pela neutralidade no segundo turno.<\/p>\n\n\n\n<figure class=\"wp-block-image size-large\"><img loading=\"lazy\" decoding=\"async\" width=\"1024\" height=\"682\" src=\"https:\/\/blogdorogeriogomes.com.br\/wp-content\/uploads\/2020\/11\/IMG-20201119-WA0199-1024x682.jpg\" alt=\"\" class=\"wp-image-19113\" srcset=\"https:\/\/blogdorogeriogomes.com.br\/noticias\/wp-content\/uploads\/2020\/11\/IMG-20201119-WA0199-1024x682.jpg 1024w, https:\/\/blogdorogeriogomes.com.br\/noticias\/wp-content\/uploads\/2020\/11\/IMG-20201119-WA0199-300x200.jpg 300w, https:\/\/blogdorogeriogomes.com.br\/noticias\/wp-content\/uploads\/2020\/11\/IMG-20201119-WA0199-768x512.jpg 768w, https:\/\/blogdorogeriogomes.com.br\/noticias\/wp-content\/uploads\/2020\/11\/IMG-20201119-WA0199-800x533.jpg 800w, https:\/\/blogdorogeriogomes.com.br\/noticias\/wp-content\/uploads\/2020\/11\/IMG-20201119-WA0199.jpg 1280w\" sizes=\"auto, (max-width: 1024px) 100vw, 1024px\" \/><\/figure>\n","protected":false},"excerpt":{"rendered":"<p>O deputado federal do PV, C\u00e9lio Studart, que concorreu \u00e0 Prefeitura de Fortaleza no primeiro turno, anunciou apoio a Jos\u00e9 Sarto (PDT) no segundo turno. Ele confirmou a ades\u00e3o nesta quinta-feira, dia 19 de novembro. &#8220;N\u00e3o \u00e9 momento de ser neutro e depois chorar. \u00c9 momento de ter coragem de dizer que a \u00fanica op\u00e7\u00e3o de respeito e toler\u00e2ncia que Fortaleza tem a partir de agora \u00e9 o que devemos fazer: Sarto 12, prefeito de Fortaleza&#8221;, disse C\u00e9lio Studart.&hellip;<\/p>\n","protected":false},"author":1,"featured_media":19113,"comment_status":"open","ping_status":"open","sticky":false,"template":"","format":"standard","meta":{"footnotes":""},"categories":[1],"tags":[],"class_list":["post-19112","post","type-post","status-publish","format-standard","has-post-thumbnail","hentry","category-noticias"],"_links":{"self":[{"href":"https:\/\/blogdorogeriogomes.com.br\/noticias\/wp-json\/wp\/v2\/posts\/19112","targetHints":{"allow":["GET"]}}],"collection":[{"href":"https:\/\/blogdorogeriogomes.com.br\/noticias\/wp-json\/wp\/v2\/posts"}],"about":[{"href":"https:\/\/blogdorogeriogomes.com.br\/noticias\/wp-json\/wp\/v2\/types\/post"}],"author":[{"embeddable":true,"href":"https:\/\/blogdorogeriogomes.com.br\/noticias\/wp-json\/wp\/v2\/users\/1"}],"replies":[{"embeddable":true,"href":"https:\/\/blogdorogeriogomes.com.br\/noticias\/wp-json\/wp\/v2\/comments?post=19112"}],"version-history":[{"count":1,"href":"https:\/\/blogdorogeriogomes.com.br\/noticias\/wp-json\/wp\/v2\/posts\/19112\/revisions"}],"predecessor-version":[{"id":19114,"href":"https:\/\/blogdorogeriogomes.com.br\/noticias\/wp-json\/wp\/v2\/posts\/19112\/revisions\/19114"}],"wp:featuredmedia":[{"embeddable":true,"href":"https:\/\/blogdorogeriogomes.com.br\/noticias\/wp-json\/wp\/v2\/media\/19113"}],"wp:attachment":[{"href":"https:\/\/blogdorogeriogomes.com.br\/noticias\/wp-json\/wp\/v2\/media?parent=19112"}],"wp:term":[{"taxonomy":"category","embeddable":true,"href":"https:\/\/blogdorogeriogomes.com.br\/noticias\/wp-json\/wp\/v2\/categories?post=19112"},{"taxonomy":"post_tag","embeddable":true,"href":"https:\/\/blogdorogeriogomes.com.br\/noticias\/wp-json\/wp\/v2\/tags?post=19112"}],"curies":[{"name":"wp","href":"https:\/\/api.w.org\/{rel}","templated":true}]}}