{"id":19115,"date":"2020-11-20T09:43:01","date_gmt":"2020-11-20T09:43:01","guid":{"rendered":"https:\/\/blogdorogeriogomes.com.br\/?p=19115"},"modified":"2020-11-20T12:22:54","modified_gmt":"2020-11-20T12:22:54","slug":"propaganda-eleitoral-no-radio-e-na-tv-reinicia-nesta-sexta-feira-em-fortaleza-e-caucaia","status":"publish","type":"post","link":"https:\/\/blogdorogeriogomes.com.br\/noticias\/2020\/11\/propaganda-eleitoral-no-radio-e-na-tv-reinicia-nesta-sexta-feira-em-fortaleza-e-caucaia\/","title":{"rendered":"Propaganda eleitoral no r\u00e1dio e na TV reinicia nesta sexta-feira em Fortaleza e Caucaia"},"content":{"rendered":"\n<p>A propaganda eleitoral no r\u00e1dio e na TV reinicia, nesta sexta-feira, dia 20 de novembro, em Fortaleza e Caucaia, que s\u00e3o os munic\u00edpios cearenses onde acontecer\u00e1 o segundo turno das elei\u00e7\u00f5es municipais. No segundo turno, a campanha no r\u00e1dio e na TV ser\u00e1 mais curta, com dura\u00e7\u00e3o de sete dias. No primeiro turno, foram 35 dias de propaganda eleitoral.<\/p>\n\n\n\n<p>Em Fortaleza, os candidatos Jos\u00e9 Sarto (PDT) e Capit\u00e3o Wagner (Pros) e, em Caucaia, Naumi Amorim (PSD) e V\u00edtor Valim (Pros), ter\u00e3o tempos divididos de forma igualit\u00e1ria. No r\u00e1dio, o hor\u00e1rio eleitoral gratuito vai de 7h \u00e0s 7h10min e de 12h \u00e0s 12h10min, enquanto na TV \u00e9 de 13h \u00e0s 13h10min e das 20h30min \u00e0s 20h40min \u2013 nos ve\u00edculos de segunda a s\u00e1bado. Al\u00e9m disso, os candidatos ter\u00e3o 25 minutos dispon\u00edveis, ao longo da programa\u00e7\u00e3o, para fazerem inser\u00e7\u00f5es de 30 e 60 segundos. <\/p>\n\n\n\n<figure class=\"wp-block-image size-large\"><img loading=\"lazy\" decoding=\"async\" width=\"710\" height=\"388\" src=\"https:\/\/blogdorogeriogomes.com.br\/wp-content\/uploads\/2020\/11\/images-15.jpeg\" alt=\"\" class=\"wp-image-19116\" srcset=\"https:\/\/blogdorogeriogomes.com.br\/noticias\/wp-content\/uploads\/2020\/11\/images-15.jpeg 710w, https:\/\/blogdorogeriogomes.com.br\/noticias\/wp-content\/uploads\/2020\/11\/images-15-300x164.jpeg 300w\" sizes=\"auto, (max-width: 710px) 100vw, 710px\" \/><\/figure>\n","protected":false},"excerpt":{"rendered":"<p>A propaganda eleitoral no r\u00e1dio e na TV reinicia, nesta sexta-feira, dia 20 de novembro, em Fortaleza e Caucaia, que s\u00e3o os munic\u00edpios cearenses onde acontecer\u00e1 o segundo turno das elei\u00e7\u00f5es municipais. No segundo turno, a campanha no r\u00e1dio e na TV ser\u00e1 mais curta, com dura\u00e7\u00e3o de sete dias. No primeiro turno, foram 35 dias de propaganda eleitoral. Em Fortaleza, os candidatos Jos\u00e9 Sarto (PDT) e Capit\u00e3o Wagner (Pros) e, em Caucaia, Naumi Amorim (PSD) e V\u00edtor Valim&hellip;<\/p>\n","protected":false},"author":1,"featured_media":19116,"comment_status":"open","ping_status":"open","sticky":false,"template":"","format":"standard","meta":{"footnotes":""},"categories":[1],"tags":[],"class_list":["post-19115","post","type-post","status-publish","format-standard","has-post-thumbnail","hentry","category-noticias"],"_links":{"self":[{"href":"https:\/\/blogdorogeriogomes.com.br\/noticias\/wp-json\/wp\/v2\/posts\/19115","targetHints":{"allow":["GET"]}}],"collection":[{"href":"https:\/\/blogdorogeriogomes.com.br\/noticias\/wp-json\/wp\/v2\/posts"}],"about":[{"href":"https:\/\/blogdorogeriogomes.com.br\/noticias\/wp-json\/wp\/v2\/types\/post"}],"author":[{"embeddable":true,"href":"https:\/\/blogdorogeriogomes.com.br\/noticias\/wp-json\/wp\/v2\/users\/1"}],"replies":[{"embeddable":true,"href":"https:\/\/blogdorogeriogomes.com.br\/noticias\/wp-json\/wp\/v2\/comments?post=19115"}],"version-history":[{"count":1,"href":"https:\/\/blogdorogeriogomes.com.br\/noticias\/wp-json\/wp\/v2\/posts\/19115\/revisions"}],"predecessor-version":[{"id":19117,"href":"https:\/\/blogdorogeriogomes.com.br\/noticias\/wp-json\/wp\/v2\/posts\/19115\/revisions\/19117"}],"wp:featuredmedia":[{"embeddable":true,"href":"https:\/\/blogdorogeriogomes.com.br\/noticias\/wp-json\/wp\/v2\/media\/19116"}],"wp:attachment":[{"href":"https:\/\/blogdorogeriogomes.com.br\/noticias\/wp-json\/wp\/v2\/media?parent=19115"}],"wp:term":[{"taxonomy":"category","embeddable":true,"href":"https:\/\/blogdorogeriogomes.com.br\/noticias\/wp-json\/wp\/v2\/categories?post=19115"},{"taxonomy":"post_tag","embeddable":true,"href":"https:\/\/blogdorogeriogomes.com.br\/noticias\/wp-json\/wp\/v2\/tags?post=19115"}],"curies":[{"name":"wp","href":"https:\/\/api.w.org\/{rel}","templated":true}]}}