{"id":19118,"date":"2020-11-20T19:26:19","date_gmt":"2020-11-20T19:26:19","guid":{"rendered":"https:\/\/blogdorogeriogomes.com.br\/?p=19118"},"modified":"2020-11-21T08:52:15","modified_gmt":"2020-11-21T08:52:15","slug":"em-propaganda-eleitoral-wagner-diz-ter-muito-orgulho-da-paralisacao-da-pm-em-2012","status":"publish","type":"post","link":"https:\/\/blogdorogeriogomes.com.br\/noticias\/2020\/11\/em-propaganda-eleitoral-wagner-diz-ter-muito-orgulho-da-paralisacao-da-pm-em-2012\/","title":{"rendered":"Em propaganda eleitoral, Wagner diz ter &#8220;muito orgulho&#8221; da paralisa\u00e7\u00e3o da PM em 2012"},"content":{"rendered":"\n<p>Na retomada do hor\u00e1rio eleitoral gratuito para o segundo turno das elei\u00e7\u00f5es para Prefeitura de Fortaleza, nesta sexta-feira, dia 20 de novembro, o candidato Capit\u00e3o Wagner (Pros) se defendeu das cr\u00edticas da campanha de Jos\u00e9 Sarto (PDT) afirmando n\u00e3o ter sido l\u00edder do motim de policiais militares em 2020. No entanto, Wagner assumiu sua participa\u00e7\u00e3o do motim na Pol\u00edcia Militar do Cear\u00e1 em 2012, afirmando que tem &#8220;muito orgulho&#8221; do movimento.<\/p>\n\n\n\n<p>O prefeitur\u00e1vel do Pros aproveitou ainda para criticar Sarto, o apresentando como o candidato dos Ferreira Gomes, e mais uma vez investindo no apelo por mudan\u00e7a do grupo pol\u00edtico que est\u00e1 no poder.<\/p>\n\n\n\n<p>Apoiado abertamente por Jair Bolsonaro, Wagner adota a estrat\u00e9gia de n\u00e3o citar o presidente em seus conte\u00fados e tenta desde o primeiro turno se dissociar da imagem do bolsonarismo, rejeitada por boa parte da popula\u00e7\u00e3o fortalezense conforme apontado por pesquisas do Ibope e Datafolha.<\/p>\n\n\n\n<p>Os ataques da chapa de Sarto utiliza exatamente dos dois pontos, motins da PM e Bolsonaro, para tentar barrar o candidato no segundo turno.<\/p>\n\n\n\n<figure class=\"wp-block-image size-large\"><img loading=\"lazy\" decoding=\"async\" width=\"678\" height=\"452\" src=\"https:\/\/blogdorogeriogomes.com.br\/wp-content\/uploads\/2020\/11\/images-16.jpeg\" alt=\"\" class=\"wp-image-19119\" srcset=\"https:\/\/blogdorogeriogomes.com.br\/noticias\/wp-content\/uploads\/2020\/11\/images-16.jpeg 678w, https:\/\/blogdorogeriogomes.com.br\/noticias\/wp-content\/uploads\/2020\/11\/images-16-300x200.jpeg 300w\" sizes=\"auto, (max-width: 678px) 100vw, 678px\" \/><\/figure>\n","protected":false},"excerpt":{"rendered":"<p>Na retomada do hor\u00e1rio eleitoral gratuito para o segundo turno das elei\u00e7\u00f5es para Prefeitura de Fortaleza, nesta sexta-feira, dia 20 de novembro, o candidato Capit\u00e3o Wagner (Pros) se defendeu das cr\u00edticas da campanha de Jos\u00e9 Sarto (PDT) afirmando n\u00e3o ter sido l\u00edder do motim de policiais militares em 2020. No entanto, Wagner assumiu sua participa\u00e7\u00e3o do motim na Pol\u00edcia Militar do Cear\u00e1 em 2012, afirmando que tem &#8220;muito orgulho&#8221; do movimento. O prefeitur\u00e1vel do Pros aproveitou ainda para criticar&hellip;<\/p>\n","protected":false},"author":1,"featured_media":19119,"comment_status":"open","ping_status":"open","sticky":false,"template":"","format":"standard","meta":{"footnotes":""},"categories":[1],"tags":[],"class_list":["post-19118","post","type-post","status-publish","format-standard","has-post-thumbnail","hentry","category-noticias"],"_links":{"self":[{"href":"https:\/\/blogdorogeriogomes.com.br\/noticias\/wp-json\/wp\/v2\/posts\/19118","targetHints":{"allow":["GET"]}}],"collection":[{"href":"https:\/\/blogdorogeriogomes.com.br\/noticias\/wp-json\/wp\/v2\/posts"}],"about":[{"href":"https:\/\/blogdorogeriogomes.com.br\/noticias\/wp-json\/wp\/v2\/types\/post"}],"author":[{"embeddable":true,"href":"https:\/\/blogdorogeriogomes.com.br\/noticias\/wp-json\/wp\/v2\/users\/1"}],"replies":[{"embeddable":true,"href":"https:\/\/blogdorogeriogomes.com.br\/noticias\/wp-json\/wp\/v2\/comments?post=19118"}],"version-history":[{"count":1,"href":"https:\/\/blogdorogeriogomes.com.br\/noticias\/wp-json\/wp\/v2\/posts\/19118\/revisions"}],"predecessor-version":[{"id":19120,"href":"https:\/\/blogdorogeriogomes.com.br\/noticias\/wp-json\/wp\/v2\/posts\/19118\/revisions\/19120"}],"wp:featuredmedia":[{"embeddable":true,"href":"https:\/\/blogdorogeriogomes.com.br\/noticias\/wp-json\/wp\/v2\/media\/19119"}],"wp:attachment":[{"href":"https:\/\/blogdorogeriogomes.com.br\/noticias\/wp-json\/wp\/v2\/media?parent=19118"}],"wp:term":[{"taxonomy":"category","embeddable":true,"href":"https:\/\/blogdorogeriogomes.com.br\/noticias\/wp-json\/wp\/v2\/categories?post=19118"},{"taxonomy":"post_tag","embeddable":true,"href":"https:\/\/blogdorogeriogomes.com.br\/noticias\/wp-json\/wp\/v2\/tags?post=19118"}],"curies":[{"name":"wp","href":"https:\/\/api.w.org\/{rel}","templated":true}]}}