{"id":19121,"date":"2020-11-20T19:28:27","date_gmt":"2020-11-20T19:28:27","guid":{"rendered":"https:\/\/blogdorogeriogomes.com.br\/?p=19121"},"modified":"2020-11-21T08:52:07","modified_gmt":"2020-11-21T08:52:07","slug":"presidente-do-psl-em-fortaleza-declara-apoio-a-jose-sarto-no-segundo-turno","status":"publish","type":"post","link":"https:\/\/blogdorogeriogomes.com.br\/noticias\/2020\/11\/presidente-do-psl-em-fortaleza-declara-apoio-a-jose-sarto-no-segundo-turno\/","title":{"rendered":"Presidente do PSL em Fortaleza declara apoio a Jos\u00e9 Sarto no segundo turno"},"content":{"rendered":"\n<p>O vereador e presidente do PSL em Fortaleza, Marcelo Lemos, declarou nesta sexta-feira, dia 20 de novembro, apoio \u00e0 candidatura de Jos\u00e9 Sarto no segundo turno da disputa das elei\u00e7\u00f5es para prefeito na Capital. Reeleito para o novo mandato na C\u00e2mara Municipal pelos pr\u00f3ximos quatro anos, Lemos anunciou seu posicionamento em v\u00eddeo gravado com o deputado estadual Salmito Filho (PDT) e divulgado nas redes sociais do pedetista.<\/p>\n\n\n\n<p>&#8220;Eu estive no primeiro turno com meu amigo e deputado federal Heitor Freire. Ele nos deixou, dentro do partido, todos \u00e0 vontade para escolher seu lado, e eu escolhi o meu lado. Estamos juntos para elei\u00e7\u00e3o de Sarto para prefeito&#8221;, afirmou o vereador, que tem base de seu eleitorado no Bairro Bom Jardim.<\/p>\n\n\n\n<p>Marcelo Lemos esteve engajado na campanha de Heitor Freire (PSL), que preferiu ficar neutro na disputa entre Sarto e Capit\u00e3o Wagner (Pros) \u201cpor n\u00e3o enxergar em nenhum dos dois candidatos a defesa aut\u00eantica dos valores de direita e conservadores&#8221;. Ex-partido de Jair Bolsonaro, o PSL d\u00e1 recado em Fortaleza sobre as articula\u00e7\u00f5es junto \u00e0 base legislativa de Camilo Santana e Roberto Cl\u00e1udio.<\/p>\n\n\n\n<figure class=\"wp-block-image size-large\"><img loading=\"lazy\" decoding=\"async\" width=\"977\" height=\"1024\" src=\"https:\/\/blogdorogeriogomes.com.br\/wp-content\/uploads\/2020\/11\/IMG-20201120-WA0073-977x1024.jpg\" alt=\"\" class=\"wp-image-19122\" srcset=\"https:\/\/blogdorogeriogomes.com.br\/noticias\/wp-content\/uploads\/2020\/11\/IMG-20201120-WA0073-977x1024.jpg 977w, https:\/\/blogdorogeriogomes.com.br\/noticias\/wp-content\/uploads\/2020\/11\/IMG-20201120-WA0073-286x300.jpg 286w, https:\/\/blogdorogeriogomes.com.br\/noticias\/wp-content\/uploads\/2020\/11\/IMG-20201120-WA0073-768x805.jpg 768w, https:\/\/blogdorogeriogomes.com.br\/noticias\/wp-content\/uploads\/2020\/11\/IMG-20201120-WA0073-800x839.jpg 800w, https:\/\/blogdorogeriogomes.com.br\/noticias\/wp-content\/uploads\/2020\/11\/IMG-20201120-WA0073-50x52.jpg 50w, https:\/\/blogdorogeriogomes.com.br\/noticias\/wp-content\/uploads\/2020\/11\/IMG-20201120-WA0073.jpg 1080w\" sizes=\"auto, (max-width: 977px) 100vw, 977px\" \/><\/figure>\n","protected":false},"excerpt":{"rendered":"<p>O vereador e presidente do PSL em Fortaleza, Marcelo Lemos, declarou nesta sexta-feira, dia 20 de novembro, apoio \u00e0 candidatura de Jos\u00e9 Sarto no segundo turno da disputa das elei\u00e7\u00f5es para prefeito na Capital. Reeleito para o novo mandato na C\u00e2mara Municipal pelos pr\u00f3ximos quatro anos, Lemos anunciou seu posicionamento em v\u00eddeo gravado com o deputado estadual Salmito Filho (PDT) e divulgado nas redes sociais do pedetista. &#8220;Eu estive no primeiro turno com meu amigo e deputado federal Heitor&hellip;<\/p>\n","protected":false},"author":1,"featured_media":19122,"comment_status":"open","ping_status":"open","sticky":false,"template":"","format":"standard","meta":{"footnotes":""},"categories":[1],"tags":[],"class_list":["post-19121","post","type-post","status-publish","format-standard","has-post-thumbnail","hentry","category-noticias"],"_links":{"self":[{"href":"https:\/\/blogdorogeriogomes.com.br\/noticias\/wp-json\/wp\/v2\/posts\/19121","targetHints":{"allow":["GET"]}}],"collection":[{"href":"https:\/\/blogdorogeriogomes.com.br\/noticias\/wp-json\/wp\/v2\/posts"}],"about":[{"href":"https:\/\/blogdorogeriogomes.com.br\/noticias\/wp-json\/wp\/v2\/types\/post"}],"author":[{"embeddable":true,"href":"https:\/\/blogdorogeriogomes.com.br\/noticias\/wp-json\/wp\/v2\/users\/1"}],"replies":[{"embeddable":true,"href":"https:\/\/blogdorogeriogomes.com.br\/noticias\/wp-json\/wp\/v2\/comments?post=19121"}],"version-history":[{"count":1,"href":"https:\/\/blogdorogeriogomes.com.br\/noticias\/wp-json\/wp\/v2\/posts\/19121\/revisions"}],"predecessor-version":[{"id":19123,"href":"https:\/\/blogdorogeriogomes.com.br\/noticias\/wp-json\/wp\/v2\/posts\/19121\/revisions\/19123"}],"wp:featuredmedia":[{"embeddable":true,"href":"https:\/\/blogdorogeriogomes.com.br\/noticias\/wp-json\/wp\/v2\/media\/19122"}],"wp:attachment":[{"href":"https:\/\/blogdorogeriogomes.com.br\/noticias\/wp-json\/wp\/v2\/media?parent=19121"}],"wp:term":[{"taxonomy":"category","embeddable":true,"href":"https:\/\/blogdorogeriogomes.com.br\/noticias\/wp-json\/wp\/v2\/categories?post=19121"},{"taxonomy":"post_tag","embeddable":true,"href":"https:\/\/blogdorogeriogomes.com.br\/noticias\/wp-json\/wp\/v2\/tags?post=19121"}],"curies":[{"name":"wp","href":"https:\/\/api.w.org\/{rel}","templated":true}]}}