{"id":19127,"date":"2020-11-21T11:52:23","date_gmt":"2020-11-21T11:52:23","guid":{"rendered":"https:\/\/blogdorogeriogomes.com.br\/?p=19127"},"modified":"2020-11-22T08:55:49","modified_gmt":"2020-11-22T08:55:49","slug":"casos-de-covid-19-tiveram-aumento-de-247-em-fortaleza-nos-ultimos-15-dias-diz-sesa","status":"publish","type":"post","link":"https:\/\/blogdorogeriogomes.com.br\/noticias\/2020\/11\/casos-de-covid-19-tiveram-aumento-de-247-em-fortaleza-nos-ultimos-15-dias-diz-sesa\/","title":{"rendered":"Casos de Covid-19 tiveram aumento de 24,7% em Fortaleza nos \u00faltimos 15 dias, diz Sesa"},"content":{"rendered":"\n<p>A Secretaria de Sa\u00fade do Estado (Sesa) confirma que os casos de coronav\u00edrus em Fortaleza tiveram um aumento de 24,7% nos \u00faltimos 15 dias. Em rela\u00e7\u00e3o \u00e0s mortes, houve redu\u00e7\u00e3o de 38,1% no mesmo per\u00edodo. O Cear\u00e1 ultrapassou os 290 mil casos de Covid-19. Ao todo, s\u00e3o 290.484 casos confirmados e 9.487 mortes causadas pela doen\u00e7a.<\/p>\n\n\n\n<p>Diante dos n\u00fameros crescentes de pessoas infectadas pela pandemia, o governador do Cear\u00e1, Camilo Santana, renovou o decreto governamental que determina regras de distanciamento social por mais uma semana. N\u00e3o houve avan\u00e7o no plano de reabertura econ\u00f4mica, com a proibi\u00e7\u00e3o de aglomera\u00e7\u00f5es em ambientes fechados. &#8220;Ressalto a import\u00e2ncia da continuidade de cuidados como o uso de m\u00e1scara e evitar aglomera\u00e7\u00f5es porque o v\u00edrus ainda est\u00e1 circulando&#8221;, disse Camilo. Ele afirmou que o&nbsp;Governo Estadual continua &#8220;trabalhando para garantir a aquisi\u00e7\u00e3o e distribui\u00e7\u00e3o da vacina logo que completamente aprovada&#8221;.&nbsp;<\/p>\n\n\n\n<figure class=\"wp-block-image size-large\"><img loading=\"lazy\" decoding=\"async\" width=\"739\" height=\"415\" src=\"https:\/\/blogdorogeriogomes.com.br\/wp-content\/uploads\/2020\/11\/images-18.jpeg\" alt=\"\" class=\"wp-image-19128\" srcset=\"https:\/\/blogdorogeriogomes.com.br\/noticias\/wp-content\/uploads\/2020\/11\/images-18.jpeg 739w, https:\/\/blogdorogeriogomes.com.br\/noticias\/wp-content\/uploads\/2020\/11\/images-18-300x168.jpeg 300w\" sizes=\"auto, (max-width: 739px) 100vw, 739px\" \/><\/figure>\n","protected":false},"excerpt":{"rendered":"<p>A Secretaria de Sa\u00fade do Estado (Sesa) confirma que os casos de coronav\u00edrus em Fortaleza tiveram um aumento de 24,7% nos \u00faltimos 15 dias. Em rela\u00e7\u00e3o \u00e0s mortes, houve redu\u00e7\u00e3o de 38,1% no mesmo per\u00edodo. O Cear\u00e1 ultrapassou os 290 mil casos de Covid-19. Ao todo, s\u00e3o 290.484 casos confirmados e 9.487 mortes causadas pela doen\u00e7a. Diante dos n\u00fameros crescentes de pessoas infectadas pela pandemia, o governador do Cear\u00e1, Camilo Santana, renovou o decreto governamental que determina regras de&hellip;<\/p>\n","protected":false},"author":1,"featured_media":19128,"comment_status":"open","ping_status":"open","sticky":false,"template":"","format":"standard","meta":{"footnotes":""},"categories":[1],"tags":[],"class_list":["post-19127","post","type-post","status-publish","format-standard","has-post-thumbnail","hentry","category-noticias"],"_links":{"self":[{"href":"https:\/\/blogdorogeriogomes.com.br\/noticias\/wp-json\/wp\/v2\/posts\/19127","targetHints":{"allow":["GET"]}}],"collection":[{"href":"https:\/\/blogdorogeriogomes.com.br\/noticias\/wp-json\/wp\/v2\/posts"}],"about":[{"href":"https:\/\/blogdorogeriogomes.com.br\/noticias\/wp-json\/wp\/v2\/types\/post"}],"author":[{"embeddable":true,"href":"https:\/\/blogdorogeriogomes.com.br\/noticias\/wp-json\/wp\/v2\/users\/1"}],"replies":[{"embeddable":true,"href":"https:\/\/blogdorogeriogomes.com.br\/noticias\/wp-json\/wp\/v2\/comments?post=19127"}],"version-history":[{"count":2,"href":"https:\/\/blogdorogeriogomes.com.br\/noticias\/wp-json\/wp\/v2\/posts\/19127\/revisions"}],"predecessor-version":[{"id":19134,"href":"https:\/\/blogdorogeriogomes.com.br\/noticias\/wp-json\/wp\/v2\/posts\/19127\/revisions\/19134"}],"wp:featuredmedia":[{"embeddable":true,"href":"https:\/\/blogdorogeriogomes.com.br\/noticias\/wp-json\/wp\/v2\/media\/19128"}],"wp:attachment":[{"href":"https:\/\/blogdorogeriogomes.com.br\/noticias\/wp-json\/wp\/v2\/media?parent=19127"}],"wp:term":[{"taxonomy":"category","embeddable":true,"href":"https:\/\/blogdorogeriogomes.com.br\/noticias\/wp-json\/wp\/v2\/categories?post=19127"},{"taxonomy":"post_tag","embeddable":true,"href":"https:\/\/blogdorogeriogomes.com.br\/noticias\/wp-json\/wp\/v2\/tags?post=19127"}],"curies":[{"name":"wp","href":"https:\/\/api.w.org\/{rel}","templated":true}]}}