{"id":19130,"date":"2020-11-21T16:13:16","date_gmt":"2020-11-21T16:13:16","guid":{"rendered":"https:\/\/blogdorogeriogomes.com.br\/?p=19130"},"modified":"2020-11-22T08:55:41","modified_gmt":"2020-11-22T08:55:41","slug":"camilo-santana-e-roberto-claudio-visitam-obras-do-metrofor-na-companhia-de-jose-sarto","status":"publish","type":"post","link":"https:\/\/blogdorogeriogomes.com.br\/noticias\/2020\/11\/camilo-santana-e-roberto-claudio-visitam-obras-do-metrofor-na-companhia-de-jose-sarto\/","title":{"rendered":"Camilo Santana e Roberto Cl\u00e1udio visitam obras do Metrofor na companhia de Jos\u00e9 Sarto"},"content":{"rendered":"\n<p>O governador Camilo Santana e o prefeito de Fortaleza, Roberto Cl\u00e1udio, visitou obras do Metrofor, no Centro da Capital, na manh\u00e3 deste s\u00e1bado, dia 21 de novembro, acompanhados do candidato do PDT \u00e0 Prefeitura de Fortaleza, Jos\u00e9 Sarto. Ele refor\u00e7ou a import\u00e2ncia da parceria com o Governo do Cear\u00e1 para garantir mais avan\u00e7os na mobilidade urbana da Capital.<\/p>\n\n\n\n<p>&#8220;N\u00f3s vamos integrar as passagens de \u00f4nibus, metr\u00f4 e VLT no Bilhete \u00danico, garantindo pre\u00e7o justo e mais comodidade aos deslocamentos dos fortalezenses&#8221;, afirmou Sarto. Tamb\u00e9m participou da visita o candidato a vice, \u00c9lcio Batista (PSB). Camilo Santana, Roberto Cl\u00e1udio e Jos\u00e9 Sarto ainda visitaram as obras do Hospital Gonzaguinhas do Jos\u00e9 Walter e de mais uma unidade do Cuca.<\/p>\n\n\n\n<p>Segundo Camilo Santana, a obra da Linha Leste vai se conectar com a Linha Sul do metr\u00f4 e tamb\u00e9m com o VLT no Papicu. &#8220;Uma das maiores obras hoje em andamento do ponto de vista de volume no Brasil, uma obra importante de mobilidade humana. E essa \u00e9 uma caracter\u00edstica do Roberto Cl\u00e1udio, que vem investindo muito na mobilidade da cidade de Fortaleza&#8221;, disse.<\/p>\n\n\n\n<p>O governador citou ainda as obras da Esta\u00e7\u00e3o das Artes, que recupera toda a arquitetura hist\u00f3rica da antiga Esta\u00e7\u00e3o Ferrovi\u00e1ria Jo\u00e3o Felipe. &#8220;Vai ser mais um espa\u00e7o importante tur\u00edstico, cultural. Vai ter pinacoteca integrada \u00e0 Escola de Hotelaria, \u00e0 Emcetur, todo um espa\u00e7o importante para a Cidade&#8221;, descreveu.<\/p>\n\n\n\n<figure class=\"wp-block-image size-large\"><img loading=\"lazy\" decoding=\"async\" width=\"1024\" height=\"678\" src=\"https:\/\/blogdorogeriogomes.com.br\/wp-content\/uploads\/2020\/11\/IMG-20201121-WA0037-1024x678.jpg\" alt=\"\" class=\"wp-image-19131\" srcset=\"https:\/\/blogdorogeriogomes.com.br\/noticias\/wp-content\/uploads\/2020\/11\/IMG-20201121-WA0037-1024x678.jpg 1024w, https:\/\/blogdorogeriogomes.com.br\/noticias\/wp-content\/uploads\/2020\/11\/IMG-20201121-WA0037-300x199.jpg 300w, https:\/\/blogdorogeriogomes.com.br\/noticias\/wp-content\/uploads\/2020\/11\/IMG-20201121-WA0037-768x509.jpg 768w, https:\/\/blogdorogeriogomes.com.br\/noticias\/wp-content\/uploads\/2020\/11\/IMG-20201121-WA0037-800x530.jpg 800w, https:\/\/blogdorogeriogomes.com.br\/noticias\/wp-content\/uploads\/2020\/11\/IMG-20201121-WA0037.jpg 1280w\" sizes=\"auto, (max-width: 1024px) 100vw, 1024px\" \/><\/figure>\n\n\n\n<p><\/p>\n\n\n\n<p><\/p>\n","protected":false},"excerpt":{"rendered":"<p>O governador Camilo Santana e o prefeito de Fortaleza, Roberto Cl\u00e1udio, visitou obras do Metrofor, no Centro da Capital, na manh\u00e3 deste s\u00e1bado, dia 21 de novembro, acompanhados do candidato do PDT \u00e0 Prefeitura de Fortaleza, Jos\u00e9 Sarto. Ele refor\u00e7ou a import\u00e2ncia da parceria com o Governo do Cear\u00e1 para garantir mais avan\u00e7os na mobilidade urbana da Capital. &#8220;N\u00f3s vamos integrar as passagens de \u00f4nibus, metr\u00f4 e VLT no Bilhete \u00danico, garantindo pre\u00e7o justo e mais comodidade aos deslocamentos&hellip;<\/p>\n","protected":false},"author":1,"featured_media":19131,"comment_status":"open","ping_status":"open","sticky":false,"template":"","format":"standard","meta":{"footnotes":""},"categories":[1],"tags":[],"class_list":["post-19130","post","type-post","status-publish","format-standard","has-post-thumbnail","hentry","category-noticias"],"_links":{"self":[{"href":"https:\/\/blogdorogeriogomes.com.br\/noticias\/wp-json\/wp\/v2\/posts\/19130","targetHints":{"allow":["GET"]}}],"collection":[{"href":"https:\/\/blogdorogeriogomes.com.br\/noticias\/wp-json\/wp\/v2\/posts"}],"about":[{"href":"https:\/\/blogdorogeriogomes.com.br\/noticias\/wp-json\/wp\/v2\/types\/post"}],"author":[{"embeddable":true,"href":"https:\/\/blogdorogeriogomes.com.br\/noticias\/wp-json\/wp\/v2\/users\/1"}],"replies":[{"embeddable":true,"href":"https:\/\/blogdorogeriogomes.com.br\/noticias\/wp-json\/wp\/v2\/comments?post=19130"}],"version-history":[{"count":2,"href":"https:\/\/blogdorogeriogomes.com.br\/noticias\/wp-json\/wp\/v2\/posts\/19130\/revisions"}],"predecessor-version":[{"id":19133,"href":"https:\/\/blogdorogeriogomes.com.br\/noticias\/wp-json\/wp\/v2\/posts\/19130\/revisions\/19133"}],"wp:featuredmedia":[{"embeddable":true,"href":"https:\/\/blogdorogeriogomes.com.br\/noticias\/wp-json\/wp\/v2\/media\/19131"}],"wp:attachment":[{"href":"https:\/\/blogdorogeriogomes.com.br\/noticias\/wp-json\/wp\/v2\/media?parent=19130"}],"wp:term":[{"taxonomy":"category","embeddable":true,"href":"https:\/\/blogdorogeriogomes.com.br\/noticias\/wp-json\/wp\/v2\/categories?post=19130"},{"taxonomy":"post_tag","embeddable":true,"href":"https:\/\/blogdorogeriogomes.com.br\/noticias\/wp-json\/wp\/v2\/tags?post=19130"}],"curies":[{"name":"wp","href":"https:\/\/api.w.org\/{rel}","templated":true}]}}