{"id":19135,"date":"2020-11-22T16:01:27","date_gmt":"2020-11-22T16:01:27","guid":{"rendered":"https:\/\/blogdorogeriogomes.com.br\/?p=19135"},"modified":"2020-11-23T12:01:55","modified_gmt":"2020-11-23T12:01:55","slug":"coligacoes-de-jose-sarto-e-capitao-wagner-intensificam-campanha-no-ultimo-domingo-antes-do-segundo-turno","status":"publish","type":"post","link":"https:\/\/blogdorogeriogomes.com.br\/noticias\/2020\/11\/coligacoes-de-jose-sarto-e-capitao-wagner-intensificam-campanha-no-ultimo-domingo-antes-do-segundo-turno\/","title":{"rendered":"Coliga\u00e7\u00f5es de Jos\u00e9 Sarto e Capit\u00e3o Wagner intensificam campanha no \u00faltimo domingo antes do segundo turno"},"content":{"rendered":"\n<p>No \u00faltimo domingo de campanha eleitoral em Fortaleza, as coliga\u00e7\u00f5es de Jos\u00e9 Sarto (PDT) e Capit\u00e3o Wagner (Pros) tentam intensificar o contato com o eleitorado. Pela manh\u00e3, o prefeito Roberto Cl\u00e1udio (PDT) reuniu a fam\u00edlia e o candidato a vice na chapa de Sarto, Elcio Batista, para um passeio de bicicleta no Parque do Coc\u00f3 e outros bairros da Capital.<br>Capit\u00e3o Wagner resolveu investir em visita a feiras em Parangaba e Messejana. Tamb\u00e9m deve estender a caminhada pela Praia do Futuro.<br>O governador Camilo Santana, que teve agenda de campanha com Jos\u00e9 Sarto, no s\u00e1bado em Fortaleza, foi a Caucaia neste domingo para refor\u00e7ar a campanha do atual prefeito Naumi Amorim (PSD) na disputa com Vitor Valim (Pros). Camilo visitou obras no munic\u00edpio com Naumi e o candidato derrotado no primeiro turno Elmano de Freitas (PT), que aderiu a Naumi no segundo turno.<\/p>\n\n\n\n<figure class=\"wp-block-image size-large\"><img loading=\"lazy\" decoding=\"async\" width=\"978\" height=\"525\" src=\"https:\/\/blogdorogeriogomes.com.br\/wp-content\/uploads\/2020\/11\/elcio.jpg\" alt=\"\" class=\"wp-image-19136\" srcset=\"https:\/\/blogdorogeriogomes.com.br\/noticias\/wp-content\/uploads\/2020\/11\/elcio.jpg 978w, https:\/\/blogdorogeriogomes.com.br\/noticias\/wp-content\/uploads\/2020\/11\/elcio-300x161.jpg 300w, https:\/\/blogdorogeriogomes.com.br\/noticias\/wp-content\/uploads\/2020\/11\/elcio-768x412.jpg 768w, https:\/\/blogdorogeriogomes.com.br\/noticias\/wp-content\/uploads\/2020\/11\/elcio-800x429.jpg 800w\" sizes=\"auto, (max-width: 978px) 100vw, 978px\" \/><\/figure>\n\n\n\n<figure class=\"wp-block-image size-large\"><img loading=\"lazy\" decoding=\"async\" width=\"1024\" height=\"682\" src=\"https:\/\/blogdorogeriogomes.com.br\/wp-content\/uploads\/2020\/11\/WhatsApp-Image-2020-11-22-at-10.58.23-1024x682-1.jpeg\" alt=\"\" class=\"wp-image-19137\" srcset=\"https:\/\/blogdorogeriogomes.com.br\/noticias\/wp-content\/uploads\/2020\/11\/WhatsApp-Image-2020-11-22-at-10.58.23-1024x682-1.jpeg 1024w, https:\/\/blogdorogeriogomes.com.br\/noticias\/wp-content\/uploads\/2020\/11\/WhatsApp-Image-2020-11-22-at-10.58.23-1024x682-1-300x200.jpeg 300w, https:\/\/blogdorogeriogomes.com.br\/noticias\/wp-content\/uploads\/2020\/11\/WhatsApp-Image-2020-11-22-at-10.58.23-1024x682-1-768x512.jpeg 768w, https:\/\/blogdorogeriogomes.com.br\/noticias\/wp-content\/uploads\/2020\/11\/WhatsApp-Image-2020-11-22-at-10.58.23-1024x682-1-800x533.jpeg 800w\" sizes=\"auto, (max-width: 1024px) 100vw, 1024px\" \/><\/figure>\n","protected":false},"excerpt":{"rendered":"<p>No \u00faltimo domingo de campanha eleitoral em Fortaleza, as coliga\u00e7\u00f5es de Jos\u00e9 Sarto (PDT) e Capit\u00e3o Wagner (Pros) tentam intensificar o contato com o eleitorado. Pela manh\u00e3, o prefeito Roberto Cl\u00e1udio (PDT) reuniu a fam\u00edlia e o candidato a vice na chapa de Sarto, Elcio Batista, para um passeio de bicicleta no Parque do Coc\u00f3 e outros bairros da Capital.Capit\u00e3o Wagner resolveu investir em visita a feiras em Parangaba e Messejana. Tamb\u00e9m deve estender a caminhada pela Praia do&hellip;<\/p>\n","protected":false},"author":1,"featured_media":19136,"comment_status":"open","ping_status":"open","sticky":false,"template":"","format":"standard","meta":{"footnotes":""},"categories":[1],"tags":[],"class_list":["post-19135","post","type-post","status-publish","format-standard","has-post-thumbnail","hentry","category-noticias"],"_links":{"self":[{"href":"https:\/\/blogdorogeriogomes.com.br\/noticias\/wp-json\/wp\/v2\/posts\/19135","targetHints":{"allow":["GET"]}}],"collection":[{"href":"https:\/\/blogdorogeriogomes.com.br\/noticias\/wp-json\/wp\/v2\/posts"}],"about":[{"href":"https:\/\/blogdorogeriogomes.com.br\/noticias\/wp-json\/wp\/v2\/types\/post"}],"author":[{"embeddable":true,"href":"https:\/\/blogdorogeriogomes.com.br\/noticias\/wp-json\/wp\/v2\/users\/1"}],"replies":[{"embeddable":true,"href":"https:\/\/blogdorogeriogomes.com.br\/noticias\/wp-json\/wp\/v2\/comments?post=19135"}],"version-history":[{"count":1,"href":"https:\/\/blogdorogeriogomes.com.br\/noticias\/wp-json\/wp\/v2\/posts\/19135\/revisions"}],"predecessor-version":[{"id":19138,"href":"https:\/\/blogdorogeriogomes.com.br\/noticias\/wp-json\/wp\/v2\/posts\/19135\/revisions\/19138"}],"wp:featuredmedia":[{"embeddable":true,"href":"https:\/\/blogdorogeriogomes.com.br\/noticias\/wp-json\/wp\/v2\/media\/19136"}],"wp:attachment":[{"href":"https:\/\/blogdorogeriogomes.com.br\/noticias\/wp-json\/wp\/v2\/media?parent=19135"}],"wp:term":[{"taxonomy":"category","embeddable":true,"href":"https:\/\/blogdorogeriogomes.com.br\/noticias\/wp-json\/wp\/v2\/categories?post=19135"},{"taxonomy":"post_tag","embeddable":true,"href":"https:\/\/blogdorogeriogomes.com.br\/noticias\/wp-json\/wp\/v2\/tags?post=19135"}],"curies":[{"name":"wp","href":"https:\/\/api.w.org\/{rel}","templated":true}]}}