{"id":19146,"date":"2020-11-23T16:10:00","date_gmt":"2020-11-23T16:10:00","guid":{"rendered":"https:\/\/blogdorogeriogomes.com.br\/?p=19146"},"modified":"2020-11-24T14:35:51","modified_gmt":"2020-11-24T14:35:51","slug":"sarto-na-frente-com-53-e-capitao-wagner-com-35-aponta-ibope-para-segundo-turno-em-fortaleza","status":"publish","type":"post","link":"https:\/\/blogdorogeriogomes.com.br\/noticias\/2020\/11\/sarto-na-frente-com-53-e-capitao-wagner-com-35-aponta-ibope-para-segundo-turno-em-fortaleza\/","title":{"rendered":"Sarto na frente com 53% e Capit\u00e3o Wagner com 35%, aponta Ibope para segundo turno em Fortaleza"},"content":{"rendered":"\n<p>Foi divulgada nesta segunda-feira, dia 23 de novembro, a primeira pesquisa Ibope para o segundo turno das elei\u00e7\u00f5es para Prefeitura de Fortaleza, sob encomenda do Sistema Verdes Mares. O candidato Jos\u00e9 Sarto (PDT) aparece na frente das inten\u00e7\u00f5es de votos na Capital, com 53%, enquanto Capit\u00e3o Wagner (Pros) tem 35%.<\/p>\n\n\n\n<p>Dentre os entrevistados, brancos e nulos somam 9% e 4% ainda n\u00e3o decidiram sobre em quem votar. A margem de erro do Ibope \u00e9 de tr\u00eas pontos percentuais, para mais ou para menos, e o n\u00edvel de confian\u00e7a \u00e9 de 95%.<\/p>\n\n\n\n<p>Analisando apenas o percentual de votos v\u00e1lidos, excluindo brancos, nulos e indecisos, Sarto tem 60% das inten\u00e7\u00f5es contra 40% de Wagner.<\/p>\n\n\n\n<p>O segundo turno ocorre no pr\u00f3ximo domingo, dia 29 de novembro. At\u00e9 l\u00e1, os prefeitur\u00e1veis se encontrar\u00e3o em debates no Grupo O POVO de Comunica\u00e7\u00e3o (nesta segunda-feira), na TV Jangadeiro (ter\u00e7a-feira, dia 24 de novembro) e na TV Verdes Mares (sexta-feira, dia 27 de novembro).<\/p>\n\n\n\n<figure class=\"wp-block-image size-large\"><img loading=\"lazy\" decoding=\"async\" width=\"1024\" height=\"534\" src=\"https:\/\/blogdorogeriogomes.com.br\/wp-content\/uploads\/2020\/11\/Fortaleza_2turno-Reproducao-1024x534-1.jpg\" alt=\"\" class=\"wp-image-19147\" srcset=\"https:\/\/blogdorogeriogomes.com.br\/noticias\/wp-content\/uploads\/2020\/11\/Fortaleza_2turno-Reproducao-1024x534-1.jpg 1024w, https:\/\/blogdorogeriogomes.com.br\/noticias\/wp-content\/uploads\/2020\/11\/Fortaleza_2turno-Reproducao-1024x534-1-300x156.jpg 300w, https:\/\/blogdorogeriogomes.com.br\/noticias\/wp-content\/uploads\/2020\/11\/Fortaleza_2turno-Reproducao-1024x534-1-768x401.jpg 768w, https:\/\/blogdorogeriogomes.com.br\/noticias\/wp-content\/uploads\/2020\/11\/Fortaleza_2turno-Reproducao-1024x534-1-800x417.jpg 800w\" sizes=\"auto, (max-width: 1024px) 100vw, 1024px\" \/><\/figure>\n","protected":false},"excerpt":{"rendered":"<p>Foi divulgada nesta segunda-feira, dia 23 de novembro, a primeira pesquisa Ibope para o segundo turno das elei\u00e7\u00f5es para Prefeitura de Fortaleza, sob encomenda do Sistema Verdes Mares. O candidato Jos\u00e9 Sarto (PDT) aparece na frente das inten\u00e7\u00f5es de votos na Capital, com 53%, enquanto Capit\u00e3o Wagner (Pros) tem 35%. Dentre os entrevistados, brancos e nulos somam 9% e 4% ainda n\u00e3o decidiram sobre em quem votar. A margem de erro do Ibope \u00e9 de tr\u00eas pontos percentuais, para&hellip;<\/p>\n","protected":false},"author":1,"featured_media":19147,"comment_status":"open","ping_status":"open","sticky":false,"template":"","format":"standard","meta":{"footnotes":""},"categories":[1],"tags":[],"class_list":["post-19146","post","type-post","status-publish","format-standard","has-post-thumbnail","hentry","category-noticias"],"_links":{"self":[{"href":"https:\/\/blogdorogeriogomes.com.br\/noticias\/wp-json\/wp\/v2\/posts\/19146","targetHints":{"allow":["GET"]}}],"collection":[{"href":"https:\/\/blogdorogeriogomes.com.br\/noticias\/wp-json\/wp\/v2\/posts"}],"about":[{"href":"https:\/\/blogdorogeriogomes.com.br\/noticias\/wp-json\/wp\/v2\/types\/post"}],"author":[{"embeddable":true,"href":"https:\/\/blogdorogeriogomes.com.br\/noticias\/wp-json\/wp\/v2\/users\/1"}],"replies":[{"embeddable":true,"href":"https:\/\/blogdorogeriogomes.com.br\/noticias\/wp-json\/wp\/v2\/comments?post=19146"}],"version-history":[{"count":1,"href":"https:\/\/blogdorogeriogomes.com.br\/noticias\/wp-json\/wp\/v2\/posts\/19146\/revisions"}],"predecessor-version":[{"id":19148,"href":"https:\/\/blogdorogeriogomes.com.br\/noticias\/wp-json\/wp\/v2\/posts\/19146\/revisions\/19148"}],"wp:featuredmedia":[{"embeddable":true,"href":"https:\/\/blogdorogeriogomes.com.br\/noticias\/wp-json\/wp\/v2\/media\/19147"}],"wp:attachment":[{"href":"https:\/\/blogdorogeriogomes.com.br\/noticias\/wp-json\/wp\/v2\/media?parent=19146"}],"wp:term":[{"taxonomy":"category","embeddable":true,"href":"https:\/\/blogdorogeriogomes.com.br\/noticias\/wp-json\/wp\/v2\/categories?post=19146"},{"taxonomy":"post_tag","embeddable":true,"href":"https:\/\/blogdorogeriogomes.com.br\/noticias\/wp-json\/wp\/v2\/tags?post=19146"}],"curies":[{"name":"wp","href":"https:\/\/api.w.org\/{rel}","templated":true}]}}