{"id":19152,"date":"2020-11-24T00:44:33","date_gmt":"2020-11-24T00:44:33","guid":{"rendered":"https:\/\/blogdorogeriogomes.com.br\/?p=19152"},"modified":"2020-11-24T14:35:41","modified_gmt":"2020-11-24T14:35:41","slug":"sem-sarto-no-debate-do-o-povo-wagner-se-diz-vitima-de-uniao-partidaria-e-afirma-estar-feliz-com-apoio-de-bolsonaro","status":"publish","type":"post","link":"https:\/\/blogdorogeriogomes.com.br\/noticias\/2020\/11\/sem-sarto-no-debate-do-o-povo-wagner-se-diz-vitima-de-uniao-partidaria-e-afirma-estar-feliz-com-apoio-de-bolsonaro\/","title":{"rendered":"Sem Sarto no debate do O POVO, Wagner se diz v\u00edtima de uni\u00e3o partid\u00e1ria e afirma estar &#8220;feliz&#8221; com apoio de Bolsonaro"},"content":{"rendered":"\n<p>No primeiro debate antes do segundo turno entre os candidatos \u00e0 Prefeitura de Fortaleza, realizado pelo jornal O POVO nesta segunda-feira, dia 23 de novembro, Jos\u00e9 Sarto (PDT) faltou por alegar incompatibilidade de agenda. Com o espa\u00e7o sem o advers\u00e1rio, Capit\u00e3o Wagner (Pros) aproveitou a entrevista para tecer cr\u00edticas contra a chapa do pedetista e n\u00e3o fugiu de assumir que \u00e9 o candidato apoiado por Jair Bolsonaro na Capital.<\/p>\n\n\n\n<p>Ao ser perguntado sobre as articula\u00e7\u00f5es em busca de apoio para a reta final da disputa das elei\u00e7\u00f5es municipais, Wagner disse sofrer um ataque coordenado da maioria dos partidos, e culpou a &#8220;oligarquia&#8221; dos Ferreira Gomes por este contexto.<\/p>\n\n\n\n<p>&#8220;Voc\u00ea v\u00ea no mesmo palanque PSOL e PSL, PT e PSDB. \u00c9 importante para quem nos assiste agora entenda que h\u00e1 uma tentativa de evitar que uma pessoa que n\u00e3o tem padrinho pol\u00edtico se torne prefeito da Cidade. N\u00e3o h\u00e1 nenhum motivo para uni\u00e3o contra mim&#8221;, destacou.<\/p>\n\n\n\n<p>De forma mais enf\u00e1tica nesta campanha, Wagner n\u00e3o se furtou a comentar sobre o apoio do presidente da rep\u00fablica \u00e0 sua candidatura. &#8220;Eu fico muito feliz de receber o apoio do governo federal e do presidente Bolsonaro&#8221;, disse. O candidato do Pros complementou que n\u00e3o tem proposta de governo ideol\u00f3gica, e tamb\u00e9m disse que nunca defendeu delitos dentro da Pol\u00edcia Militar.<\/p>\n\n\n\n<p>Ausente do debate marcado, Jos\u00e9 Sarto concedeu entrevista tamb\u00e9m nesta noite de segunda-feira para a TV Verdes Mares. Sarto defendeu que o apoio recebido por outros partidos se deu por reconhecimento de sua proposta diante da de Wagner. &#8220;Fui eleito presidente da Assembleia sem fazer nenhuma concess\u00e3o n\u00e3o republicana a ningu\u00e9m. Nenhum partido fez contrapartida comigo para alian\u00e7a, porque j\u00e1 me conhece. S\u00e3o partidos com espectro ideol\u00f3gico mais plural que tem&#8221;.<\/p>\n\n\n\n<p>Em \u00faltima pesquisa Ibope divulgada, Sarto tem 60% das inten\u00e7\u00f5es dos votos v\u00e1lidos contra 40% de Capit\u00e3o Wagner no segundo turno.<\/p>\n\n\n\n<figure class=\"wp-block-image size-large\"><img loading=\"lazy\" decoding=\"async\" width=\"1024\" height=\"576\" src=\"https:\/\/blogdorogeriogomes.com.br\/wp-content\/uploads\/2020\/11\/IMG-20201123-WA0085-1024x576.jpg\" alt=\"\" class=\"wp-image-19153\" srcset=\"https:\/\/blogdorogeriogomes.com.br\/noticias\/wp-content\/uploads\/2020\/11\/IMG-20201123-WA0085-1024x576.jpg 1024w, https:\/\/blogdorogeriogomes.com.br\/noticias\/wp-content\/uploads\/2020\/11\/IMG-20201123-WA0085-300x169.jpg 300w, https:\/\/blogdorogeriogomes.com.br\/noticias\/wp-content\/uploads\/2020\/11\/IMG-20201123-WA0085-768x432.jpg 768w, https:\/\/blogdorogeriogomes.com.br\/noticias\/wp-content\/uploads\/2020\/11\/IMG-20201123-WA0085-800x450.jpg 800w, https:\/\/blogdorogeriogomes.com.br\/noticias\/wp-content\/uploads\/2020\/11\/IMG-20201123-WA0085.jpg 1280w\" sizes=\"auto, (max-width: 1024px) 100vw, 1024px\" \/><\/figure>\n\n\n\n<figure class=\"wp-block-image size-large\"><img loading=\"lazy\" decoding=\"async\" width=\"720\" height=\"426\" src=\"https:\/\/blogdorogeriogomes.com.br\/wp-content\/uploads\/2020\/11\/images-21.jpeg\" alt=\"\" class=\"wp-image-19154\" srcset=\"https:\/\/blogdorogeriogomes.com.br\/noticias\/wp-content\/uploads\/2020\/11\/images-21.jpeg 720w, https:\/\/blogdorogeriogomes.com.br\/noticias\/wp-content\/uploads\/2020\/11\/images-21-300x178.jpeg 300w\" sizes=\"auto, (max-width: 720px) 100vw, 720px\" \/><\/figure>\n","protected":false},"excerpt":{"rendered":"<p>No primeiro debate antes do segundo turno entre os candidatos \u00e0 Prefeitura de Fortaleza, realizado pelo jornal O POVO nesta segunda-feira, dia 23 de novembro, Jos\u00e9 Sarto (PDT) faltou por alegar incompatibilidade de agenda. Com o espa\u00e7o sem o advers\u00e1rio, Capit\u00e3o Wagner (Pros) aproveitou a entrevista para tecer cr\u00edticas contra a chapa do pedetista e n\u00e3o fugiu de assumir que \u00e9 o candidato apoiado por Jair Bolsonaro na Capital. Ao ser perguntado sobre as articula\u00e7\u00f5es em busca de apoio&hellip;<\/p>\n","protected":false},"author":1,"featured_media":19153,"comment_status":"open","ping_status":"open","sticky":false,"template":"","format":"standard","meta":{"footnotes":""},"categories":[1],"tags":[],"class_list":["post-19152","post","type-post","status-publish","format-standard","has-post-thumbnail","hentry","category-noticias"],"_links":{"self":[{"href":"https:\/\/blogdorogeriogomes.com.br\/noticias\/wp-json\/wp\/v2\/posts\/19152","targetHints":{"allow":["GET"]}}],"collection":[{"href":"https:\/\/blogdorogeriogomes.com.br\/noticias\/wp-json\/wp\/v2\/posts"}],"about":[{"href":"https:\/\/blogdorogeriogomes.com.br\/noticias\/wp-json\/wp\/v2\/types\/post"}],"author":[{"embeddable":true,"href":"https:\/\/blogdorogeriogomes.com.br\/noticias\/wp-json\/wp\/v2\/users\/1"}],"replies":[{"embeddable":true,"href":"https:\/\/blogdorogeriogomes.com.br\/noticias\/wp-json\/wp\/v2\/comments?post=19152"}],"version-history":[{"count":1,"href":"https:\/\/blogdorogeriogomes.com.br\/noticias\/wp-json\/wp\/v2\/posts\/19152\/revisions"}],"predecessor-version":[{"id":19155,"href":"https:\/\/blogdorogeriogomes.com.br\/noticias\/wp-json\/wp\/v2\/posts\/19152\/revisions\/19155"}],"wp:featuredmedia":[{"embeddable":true,"href":"https:\/\/blogdorogeriogomes.com.br\/noticias\/wp-json\/wp\/v2\/media\/19153"}],"wp:attachment":[{"href":"https:\/\/blogdorogeriogomes.com.br\/noticias\/wp-json\/wp\/v2\/media?parent=19152"}],"wp:term":[{"taxonomy":"category","embeddable":true,"href":"https:\/\/blogdorogeriogomes.com.br\/noticias\/wp-json\/wp\/v2\/categories?post=19152"},{"taxonomy":"post_tag","embeddable":true,"href":"https:\/\/blogdorogeriogomes.com.br\/noticias\/wp-json\/wp\/v2\/tags?post=19152"}],"curies":[{"name":"wp","href":"https:\/\/api.w.org\/{rel}","templated":true}]}}