{"id":19161,"date":"2020-11-24T09:55:04","date_gmt":"2020-11-24T09:55:04","guid":{"rendered":"https:\/\/blogdorogeriogomes.com.br\/?p=19161"},"modified":"2020-11-24T14:35:21","modified_gmt":"2020-11-24T14:35:21","slug":"testes-de-covid-19-encalhados-no-ministerio-da-saude-podem-perder-validade-mas-bolsonaro-prefere-transferir-culpa-para-estados-e-municipios","status":"publish","type":"post","link":"https:\/\/blogdorogeriogomes.com.br\/noticias\/2020\/11\/testes-de-covid-19-encalhados-no-ministerio-da-saude-podem-perder-validade-mas-bolsonaro-prefere-transferir-culpa-para-estados-e-municipios\/","title":{"rendered":"Testes de Covid-19 encalhados no Minist\u00e9rio da Sa\u00fade podem perder validade, mas Bolsonaro prefere transferir culpa para estados e munic\u00edpios"},"content":{"rendered":"\n<p>O subprocurador-geral do Minist\u00e9rio P\u00fablico Lucas Furtado e o senador Fabiano Contarato (Rede-ES) pediram, nesta segunda-feira, dia 23 de novembro, investiga\u00e7\u00e3o no Tribunal de Contas da Uni\u00e3o (TCU) sobre os testes de Covid-19 que est\u00e3o sem uso e prestes a vencer. Segundo reportagem do jornal O Estado de S. Paulo, o Brasil tem 6,8 milh\u00f5es de testes prestes a vencer em dep\u00f3sito do Minist\u00e9rio da Sa\u00fade.<\/p>\n\n\n\n<p>Enquanto os testes est\u00e3o perto de perder a validade, o presidente Jair Bolsonaro prefere terceirizar a culpa para estados e munic\u00edpios. O ministro da Sa\u00fade, Eduardo Pazuello, nem mesmo se pronuncia sobre o problema.<br>O detalhe \u00e9 que pouco mais de cinco milh\u00f5es de exames RT-PCR foram feitos na rede p\u00fablica do in\u00edcio da pandemia at\u00e9 agora. Bem abaixo do prometido pelo Minist\u00e9rio da Sa\u00fade. Desde setembro, o n\u00famero de testes realizados por m\u00eas vem caindo.<\/p>\n\n\n\n<p>Pesquisadores brasileiros divulgaram uma nota t\u00e9cnica na qual afirmam que o pa\u00eds vive o &#8216;in\u00edcio de uma 2\u00aa onda&#8217; da Covid. Al\u00e9m do diagn\u00f3stico, o grupo formado por cientistas de diferentes universidades p\u00fablicas fez uma s\u00e9rie de recomenda\u00e7\u00f5es para diminuir o impacto do crescimento dos casos e mortes. O Brasil chegou a 169 mil e 500 mortes por coronav\u00edrus, com m\u00e9dia m\u00f3vel de 496 \u00f3bitos por dia.<\/p>\n\n\n\n<figure class=\"wp-block-image size-large\"><img loading=\"lazy\" decoding=\"async\" width=\"678\" height=\"452\" src=\"https:\/\/blogdorogeriogomes.com.br\/wp-content\/uploads\/2020\/11\/images-23.jpeg\" alt=\"\" class=\"wp-image-19162\" srcset=\"https:\/\/blogdorogeriogomes.com.br\/noticias\/wp-content\/uploads\/2020\/11\/images-23.jpeg 678w, https:\/\/blogdorogeriogomes.com.br\/noticias\/wp-content\/uploads\/2020\/11\/images-23-300x200.jpeg 300w\" sizes=\"auto, (max-width: 678px) 100vw, 678px\" \/><\/figure>\n","protected":false},"excerpt":{"rendered":"<p>O subprocurador-geral do Minist\u00e9rio P\u00fablico Lucas Furtado e o senador Fabiano Contarato (Rede-ES) pediram, nesta segunda-feira, dia 23 de novembro, investiga\u00e7\u00e3o no Tribunal de Contas da Uni\u00e3o (TCU) sobre os testes de Covid-19 que est\u00e3o sem uso e prestes a vencer. Segundo reportagem do jornal O Estado de S. Paulo, o Brasil tem 6,8 milh\u00f5es de testes prestes a vencer em dep\u00f3sito do Minist\u00e9rio da Sa\u00fade. Enquanto os testes est\u00e3o perto de perder a validade, o presidente Jair Bolsonaro&hellip;<\/p>\n","protected":false},"author":1,"featured_media":19162,"comment_status":"open","ping_status":"open","sticky":false,"template":"","format":"standard","meta":{"footnotes":""},"categories":[1],"tags":[],"class_list":["post-19161","post","type-post","status-publish","format-standard","has-post-thumbnail","hentry","category-noticias"],"_links":{"self":[{"href":"https:\/\/blogdorogeriogomes.com.br\/noticias\/wp-json\/wp\/v2\/posts\/19161","targetHints":{"allow":["GET"]}}],"collection":[{"href":"https:\/\/blogdorogeriogomes.com.br\/noticias\/wp-json\/wp\/v2\/posts"}],"about":[{"href":"https:\/\/blogdorogeriogomes.com.br\/noticias\/wp-json\/wp\/v2\/types\/post"}],"author":[{"embeddable":true,"href":"https:\/\/blogdorogeriogomes.com.br\/noticias\/wp-json\/wp\/v2\/users\/1"}],"replies":[{"embeddable":true,"href":"https:\/\/blogdorogeriogomes.com.br\/noticias\/wp-json\/wp\/v2\/comments?post=19161"}],"version-history":[{"count":1,"href":"https:\/\/blogdorogeriogomes.com.br\/noticias\/wp-json\/wp\/v2\/posts\/19161\/revisions"}],"predecessor-version":[{"id":19163,"href":"https:\/\/blogdorogeriogomes.com.br\/noticias\/wp-json\/wp\/v2\/posts\/19161\/revisions\/19163"}],"wp:featuredmedia":[{"embeddable":true,"href":"https:\/\/blogdorogeriogomes.com.br\/noticias\/wp-json\/wp\/v2\/media\/19162"}],"wp:attachment":[{"href":"https:\/\/blogdorogeriogomes.com.br\/noticias\/wp-json\/wp\/v2\/media?parent=19161"}],"wp:term":[{"taxonomy":"category","embeddable":true,"href":"https:\/\/blogdorogeriogomes.com.br\/noticias\/wp-json\/wp\/v2\/categories?post=19161"},{"taxonomy":"post_tag","embeddable":true,"href":"https:\/\/blogdorogeriogomes.com.br\/noticias\/wp-json\/wp\/v2\/tags?post=19161"}],"curies":[{"name":"wp","href":"https:\/\/api.w.org\/{rel}","templated":true}]}}