{"id":19165,"date":"2020-11-24T17:15:14","date_gmt":"2020-11-24T17:15:14","guid":{"rendered":"https:\/\/blogdorogeriogomes.com.br\/?p=19165"},"modified":"2020-11-26T08:04:07","modified_gmt":"2020-11-26T08:04:07","slug":"em-debate-na-tv-jangadeiro-sarto-e-capitao-wagner-trocam-ataques-e-se-defendem-de-polemicas","status":"publish","type":"post","link":"https:\/\/blogdorogeriogomes.com.br\/noticias\/2020\/11\/em-debate-na-tv-jangadeiro-sarto-e-capitao-wagner-trocam-ataques-e-se-defendem-de-polemicas\/","title":{"rendered":"Em debate na TV Jangadeiro, Sarto e Capit\u00e3o Wagner trocam ataques e se defendem de pol\u00eamicas"},"content":{"rendered":"\n<p>Nesta ter\u00e7a-feira, dia 24 de novembro, a cinco dias do segundo turno das elei\u00e7\u00f5es para prefeito em Fortaleza, os candidatos Jos\u00e9 Sarto (PDT) e Capit\u00e3o Wagner (Pros) participaram de debate realizado pela TV Jangadeiro. O encontro foi marcado por muita troca de ataques e defesas sobre temas pol\u00eamicos em suas carreiras pol\u00edticas.<\/p>\n\n\n\n<p>Em queda nas pesquisas e com maior \u00edndice de rejei\u00e7\u00e3o, Capit\u00e3o Wagner apostou em levantar as acusa\u00e7\u00f5es contra o pedetista e o grupo integrado por Cid e Ciro Ferreira Gomes, o prefeito Roberto Cl\u00e1udio e o governador Camilo Santana. O prefeitur\u00e1vel do Pros iniciou o programa acusando Sarto de fugir de debates e tamb\u00e9m apontou supostos desvios na gest\u00e3o da sa\u00fade p\u00fablica no contexto de pandemia da Covid-19 na Capital.<\/p>\n\n\n\n<p>Sarto defendeu-se afirmando que Wagner tem uma campanha baseada em &#8220;mentir e desconstruir&#8221; e tamb\u00e9m acusou que as opera\u00e7\u00f5es da Pol\u00edcia Federal em Fortaleza t\u00eam motiva\u00e7\u00e3o pol\u00edtica, com interesse do governo de Jair Bolsonaro em &#8220;proteger o candidato dele&#8221;.<\/p>\n\n\n\n<p>O candidato do PDT mais uma vez criticou o advers\u00e1rio por receber o apoio do presidente e lembrou de sua liga\u00e7\u00e3o com os motins de policiais militares de 2012 e de 2020 no Cear\u00e1, tendo inclusive escrito livro sobre a articula\u00e7\u00e3o da primeira paralisa\u00e7\u00e3o. Wagner defendeu-se dizendo que &#8220;a \u00fanica acusa\u00e7\u00e3o que meu advers\u00e1rio me faz \u00e9 o apoio do Bolsonaro&#8221;. Wagner assumiu que participou do movimento da PM em 2012 e descartou qualquer envolvimento em 2020.<\/p>\n\n\n\n<p>Outra acusa\u00e7\u00e3o que teve Sarto como alvo foi a de uma suposta CPI que ele teria respondido na Assembleia Legislativa por pedido de propina. O pedetista refutou a investida afirmando que tem todas as certid\u00f5es em dia e sempre manteve se nome na Ficha Limpa. Jos\u00e9 Sarto definiu Capit\u00e3o Wagner  como &#8220;o candidato do \u00f3dio&#8221; e &#8220;desesperado&#8221; por causa da queda nas pesquisas de inten\u00e7\u00e3o de voto.<\/p>\n\n\n\n<p>Segundo a \u00faltima pesquisa Ibope divulgada, Sarto tem 60% das inten\u00e7\u00f5es de votos v\u00e1lidos contra 40% de Capit\u00e3o Wagner. A vota\u00e7\u00e3o do segundo turno ocorre no pr\u00f3ximo domingo, dia 29 de novembro.<\/p>\n\n\n\n<figure class=\"wp-block-image size-large\"><img loading=\"lazy\" decoding=\"async\" width=\"1024\" height=\"682\" src=\"https:\/\/blogdorogeriogomes.com.br\/wp-content\/uploads\/2020\/11\/IMG-20201124-WA0054-1024x682.jpg\" alt=\"\" class=\"wp-image-19166\" srcset=\"https:\/\/blogdorogeriogomes.com.br\/noticias\/wp-content\/uploads\/2020\/11\/IMG-20201124-WA0054-1024x682.jpg 1024w, https:\/\/blogdorogeriogomes.com.br\/noticias\/wp-content\/uploads\/2020\/11\/IMG-20201124-WA0054-300x200.jpg 300w, https:\/\/blogdorogeriogomes.com.br\/noticias\/wp-content\/uploads\/2020\/11\/IMG-20201124-WA0054-768x512.jpg 768w, https:\/\/blogdorogeriogomes.com.br\/noticias\/wp-content\/uploads\/2020\/11\/IMG-20201124-WA0054-800x533.jpg 800w, https:\/\/blogdorogeriogomes.com.br\/noticias\/wp-content\/uploads\/2020\/11\/IMG-20201124-WA0054.jpg 1280w\" sizes=\"auto, (max-width: 1024px) 100vw, 1024px\" \/><\/figure>\n\n\n\n<figure class=\"wp-block-image size-large\"><img loading=\"lazy\" decoding=\"async\" width=\"739\" height=\"415\" src=\"https:\/\/blogdorogeriogomes.com.br\/wp-content\/uploads\/2020\/11\/images-25-1.jpeg\" alt=\"\" class=\"wp-image-19168\" srcset=\"https:\/\/blogdorogeriogomes.com.br\/noticias\/wp-content\/uploads\/2020\/11\/images-25-1.jpeg 739w, https:\/\/blogdorogeriogomes.com.br\/noticias\/wp-content\/uploads\/2020\/11\/images-25-1-300x168.jpeg 300w\" sizes=\"auto, (max-width: 739px) 100vw, 739px\" \/><\/figure>\n","protected":false},"excerpt":{"rendered":"<p>Nesta ter\u00e7a-feira, dia 24 de novembro, a cinco dias do segundo turno das elei\u00e7\u00f5es para prefeito em Fortaleza, os candidatos Jos\u00e9 Sarto (PDT) e Capit\u00e3o Wagner (Pros) participaram de debate realizado pela TV Jangadeiro. O encontro foi marcado por muita troca de ataques e defesas sobre temas pol\u00eamicos em suas carreiras pol\u00edticas. Em queda nas pesquisas e com maior \u00edndice de rejei\u00e7\u00e3o, Capit\u00e3o Wagner apostou em levantar as acusa\u00e7\u00f5es contra o pedetista e o grupo integrado por Cid e&hellip;<\/p>\n","protected":false},"author":1,"featured_media":19166,"comment_status":"open","ping_status":"open","sticky":false,"template":"","format":"standard","meta":{"footnotes":""},"categories":[1],"tags":[],"class_list":["post-19165","post","type-post","status-publish","format-standard","has-post-thumbnail","hentry","category-noticias"],"_links":{"self":[{"href":"https:\/\/blogdorogeriogomes.com.br\/noticias\/wp-json\/wp\/v2\/posts\/19165","targetHints":{"allow":["GET"]}}],"collection":[{"href":"https:\/\/blogdorogeriogomes.com.br\/noticias\/wp-json\/wp\/v2\/posts"}],"about":[{"href":"https:\/\/blogdorogeriogomes.com.br\/noticias\/wp-json\/wp\/v2\/types\/post"}],"author":[{"embeddable":true,"href":"https:\/\/blogdorogeriogomes.com.br\/noticias\/wp-json\/wp\/v2\/users\/1"}],"replies":[{"embeddable":true,"href":"https:\/\/blogdorogeriogomes.com.br\/noticias\/wp-json\/wp\/v2\/comments?post=19165"}],"version-history":[{"count":1,"href":"https:\/\/blogdorogeriogomes.com.br\/noticias\/wp-json\/wp\/v2\/posts\/19165\/revisions"}],"predecessor-version":[{"id":19169,"href":"https:\/\/blogdorogeriogomes.com.br\/noticias\/wp-json\/wp\/v2\/posts\/19165\/revisions\/19169"}],"wp:featuredmedia":[{"embeddable":true,"href":"https:\/\/blogdorogeriogomes.com.br\/noticias\/wp-json\/wp\/v2\/media\/19166"}],"wp:attachment":[{"href":"https:\/\/blogdorogeriogomes.com.br\/noticias\/wp-json\/wp\/v2\/media?parent=19165"}],"wp:term":[{"taxonomy":"category","embeddable":true,"href":"https:\/\/blogdorogeriogomes.com.br\/noticias\/wp-json\/wp\/v2\/categories?post=19165"},{"taxonomy":"post_tag","embeddable":true,"href":"https:\/\/blogdorogeriogomes.com.br\/noticias\/wp-json\/wp\/v2\/tags?post=19165"}],"curies":[{"name":"wp","href":"https:\/\/api.w.org\/{rel}","templated":true}]}}